{"id":117,"date":"2025-05-23T17:45:17","date_gmt":"2025-05-23T15:45:17","guid":{"rendered":"http:\/\/thema-justice-2025.esj-lille.net\/?p=117"},"modified":"2025-06-04T16:05:03","modified_gmt":"2025-06-04T14:05:03","slug":"comment-sorganise-le-travail-en-incarceration","status":"publish","type":"post","link":"https:\/\/thema-justice-2025.esj-lille.net\/index.php\/2025\/05\/23\/comment-sorganise-le-travail-en-incarceration\/","title":{"rendered":"Comment s\u2019organise le travail en incarc\u00e9ration ?"},"content":{"rendered":"\n<p><strong>Faire payer aux d\u00e9tenus des frais d\u2019incarc\u00e9rations, est-ce vraiment envisageable ? Si G\u00e9rald Darmanin r\u00e9pond par l\u2019affirmative, les r\u00e9alit\u00e9s de l\u2019incarc\u00e9ration semblent prouver le contraire. Un tiers des d\u00e9tenus vit avec moins de 20 euros par mois. Acc\u00e9der au travail en incarc\u00e9ration est loin d\u2019\u00eatre garanti.<\/strong><\/p>\n\n\n\n<p>Sur le papier, travailler en prison n\u2019est pas un privil\u00e8ge mais bien un droit. Selon l\u2019article D412-49 du Code p\u00e9nitentiaire, \u00ab <em>les dispositions n\u00e9cessaires doivent \u00eatre prises pour qu\u2019un travail productif et suffisant pour occuper la dur\u00e9e normale d\u2019une journ\u00e9e de travail soit fourni aux personnes d\u00e9tenues<\/em> \u00bb.\u00a0<\/p>\n\n\n\n<p>Pourtant, sur le terrain, l\u2019acc\u00e8s au travail en incarc\u00e9ration est loin d\u2019\u00eatre garanti. Les offres de travail se font plus rares et les d\u00e9tenus sont toujours plus nombreux.<\/p>\n\n\n\n<p>Au 1er mars 2025, 81 599 personnes \u00e9taient incarc\u00e9r\u00e9es dans les prisons fran\u00e7aises, portant la densit\u00e9 carc\u00e9rale \u00e0 131,7 %, un nombre jamais atteint auparavant.<\/p>\n\n\n\n<p>Depuis l\u2019entr\u00e9e en vigueur du Code p\u00e9nitentiaire en mai 2022, les d\u00e9tenus signent un contrat de travail (CEP) avec notamment l&rsquo;ouverture de droits sociaux. Une l\u00e9g\u00e8re avanc\u00e9e qui demeure tr\u00e8s insuffisante. L\u2019OIP alerte sur les manquements. Si les d\u00e9tenus cotisent&nbsp; d\u00e9sormais pour leur retraite et une assurance sant\u00e9, ils \u00ab <em>n\u2019ont droit \u00e0 aucune indemnit\u00e9 en cas de ch\u00f4mage technique ou de maladie non-professionnelle et ne b\u00e9n\u00e9ficient pas de cong\u00e9s pay\u00e9s <\/em>\u00bb. Ils n\u2019ont aucun repr\u00e9sentant syndical et ne peuvent pas faire appel \u00e0 l\u2019inspection du travail \u00ab <em>de mani\u00e8re confidentielle<\/em> \u00bb.<\/p>\n\n\n\n<h2 class=\"wp-block-heading has-text-color has-link-color wp-elements-628590aa52a078b496a6a4021a019ea1\" style=\"color:#aa374e;font-size:25px\"><strong>Les femmes encore plus p\u00e9nalis\u00e9es<\/strong><\/h2>\n\n\n\n<p>La surpopulation, les conditions de travail d\u00e9sastreuses font que le pourcentage de d\u00e9tenus qui travaillent d\u00e9croit. En 2021, le Secours Catholique et Emma\u00fcs recensaient 38% de d\u00e9tenus salari\u00e9s. En 2025, seuls \u00ab <em>31 % des personnes incarc\u00e9r\u00e9es travaillent<\/em> \u00bb selon le minist\u00e8re de la Justice.&nbsp;<\/p>\n\n\n\n<p>Les femmes incarc\u00e9r\u00e9es n\u2019\u00e9chappent pas aux difficult\u00e9s d\u2019acc\u00e8s \u00e0 l\u2019emploi. Un peu moins de 2800, elles repr\u00e9sentent 3% de la population carc\u00e9rale. La majorit\u00e9 d\u2019entre elles sont incarc\u00e9r\u00e9es dans des \u00ab quartiers femmes \u00bb au sein de prisons d\u2019hommes. La loi pr\u00e9voit l\u2019\u00e9tanch\u00e9it\u00e9 la plus stricte entre les genres. Pour \u00e9viter qu\u2019elles croisent des hommes, les femmes incarc\u00e9r\u00e9es peuvent se voir priv\u00e9es de circuler dans certaines zones de leurs prisons. Dans les cas les plus graves, elles n\u2019ont pas acc\u00e8s au travail, aux activit\u00e9s ludiques et m\u00eame aux soins.&nbsp;<\/p>\n\n\n\n<p>Parce que les \u201cquartiers femmes\u201d sont in\u00e9galement r\u00e9partis sur le territoire fran\u00e7ais, les d\u00e9tenues sont plus souvent isol\u00e9es. En cons\u00e9quence, les aides financi\u00e8res de leurs proches se font plus rares, ce qui renforce leur pr\u00e9carit\u00e9.<\/p>\n\n\n\n<h2 class=\"wp-block-heading has-text-color has-link-color wp-elements-6b36ac98a5af629afc4a0caec20dd74f\" style=\"color:#aa374e;font-size:25px\"><strong>Des salaires faibles et un co\u00fbt de vie \u00e9lev\u00e9<\/strong><\/h2>\n\n\n\n<p><br>En prison, la pr\u00e9carit\u00e9 est in\u00e9vitable. En 2021, un tiers des d\u00e9tenus vivaient avec moins de 20 euros&nbsp; par mois selon une enqu\u00eate du Secours Catholique et d\u2019Emma\u00fcs. Pour les quelque 25 000 d\u00e9tenus qui ont acc\u00e8s au travail, les salaires demeurent extr\u00eamement faibles, ne d\u00e9passant pas 45% du&nbsp; SMIC dans le meilleur des cas. En fonction de la cat\u00e9gorie d\u2019emploi, il varie de 2,38 \u00e0 5,35 euros de l\u2019heure. Bien que \u00ab <em>la r\u00e9mun\u00e9ration \u00e0 la pi\u00e8ce soit interdite depuis 2009<\/em> \u00bb, elle demeure encore fr\u00e9quente, pr\u00e9cise l\u2019Observatoire international des prisons (OIP).&nbsp;<\/p>\n\n\n\n<p>Pourtant, la vie est prison peut-\u00eatre extr\u00eamement co\u00fbteuse. Selon un rapport s\u00e9natorial, il faut compter au moins 200 euros par mois pour subvenir \u00e0 ses besoins. Les produits vendus par la cantine (\u00e9picerie de la prison) sont largement plus chers que dans la grande distribution. \u00c0 la prison de Lille-Loos-Sequedin, une unique serviette hygi\u00e9nique co\u00fbte 1,35 euro et 3,75 euros pour sa version biologique. Un paquet de 20 serviettes hygi\u00e9niques de marque Carrefour co\u00fbte 1,35 euro et 1,55 euro pour dix serviettes biologiques de la m\u00eame marque.&nbsp;<\/p>\n\n\n\n<p>Malgr\u00e9 les conditions difficiles, les femmes incarc\u00e9r\u00e9es consid\u00e8rent le travail en d\u00e9tention comme un privil\u00e8ge. Au t\u00e9l\u00e9phone, une ancienne d\u00e9tenue de la prison de Fresnes souligne qu\u2019elle s\u2019\u00e9tait battue pour acc\u00e9der \u00e0 l\u2019emploi. Travailler lui permettait d\u2019avoir \u00ab <em>acc\u00e8s aux douches tous les jours<\/em> \u00bb. Un luxe en comparaison des conditions de vie de ses co-d\u00e9tenues.&nbsp;&nbsp;<\/p>\n\n\n\n\n\n\n\n<p class=\"has-text-align-right has-text-color has-link-color wp-elements-e289896232e7c608680fd695d26a28a5\" style=\"color:#aa374e\"><strong><em>Asia Dayan<\/em><\/strong><\/p>\n","protected":false},"excerpt":{"rendered":"<p>Faire payer aux d\u00e9tenus des frais d\u2019incarc\u00e9rations, est-ce vraiment envisageable ? Si G\u00e9rald Darmanin r\u00e9pond par l\u2019affirmative, les r\u00e9alit\u00e9s de l\u2019incarc\u00e9ration semblent prouver le contraire. Un tiers des d\u00e9tenus vit avec moins de 20 euros par mois. Acc\u00e9der au travail en incarc\u00e9ration est loin d\u2019\u00eatre garanti. Sur le papier, travailler en prison n\u2019est pas un &#8230;<\/p>\n","protected":false},"author":2,"featured_media":21,"comment_status":"closed","ping_status":"open","sticky":false,"template":"","format":"standard","meta":{"loftocean_post_format_gallery":"","loftocean_post_format_gallery_ids":"","loftocean_post_format_gallery_urls":"","loftocean_post_format_video_id":0,"loftocean_post_format_video_url":"","loftocean_post_format_video_type":"","loftocean_post_format_video":"","loftocean_post_format_audio_type":"","loftocean_post_format_audio_url":"","loftocean_post_format_audio_id":0,"loftocean_post_format_audio":"","loftocean-featured-post":"","loftocean-like-count":0,"loftocean-view-count":289,"loftocean_coauthors":"","alpaca_post_content_reading_setting":"","alpaca_reading_speed_per_minute":0,"alpaca_reading_speed_unit":"","alpaca_single_post_template_layout":"","footnotes":""},"categories":[6],"tags":[],"class_list":["post-117","post","type-post","status-publish","format-standard","has-post-thumbnail","hentry","category-femmes-en-prison"],"loftoceanMetas":{"readingTime":"3 mins read","authorName":"Asia Dayan","categories":[{"name":"FEMMES EN PRISON","link":"https:\/\/thema-justice-2025.esj-lille.net\/index.php\/category\/femmes-en-prison\/","count":3}],"date":"23 mai 2025","featuredImageSRC":"https:\/\/thema-justice-2025.esj-lille.net\/wp-content\/uploads\/2025\/05\/20250127_120535-150x150.jpg"},"_links":{"self":[{"href":"https:\/\/thema-justice-2025.esj-lille.net\/index.php\/wp-json\/wp\/v2\/posts\/117","targetHints":{"allow":["GET"]}}],"collection":[{"href":"https:\/\/thema-justice-2025.esj-lille.net\/index.php\/wp-json\/wp\/v2\/posts"}],"about":[{"href":"https:\/\/thema-justice-2025.esj-lille.net\/index.php\/wp-json\/wp\/v2\/types\/post"}],"author":[{"embeddable":true,"href":"https:\/\/thema-justice-2025.esj-lille.net\/index.php\/wp-json\/wp\/v2\/users\/2"}],"replies":[{"embeddable":true,"href":"https:\/\/thema-justice-2025.esj-lille.net\/index.php\/wp-json\/wp\/v2\/comments?post=117"}],"version-history":[{"count":1,"href":"https:\/\/thema-justice-2025.esj-lille.net\/index.php\/wp-json\/wp\/v2\/posts\/117\/revisions"}],"predecessor-version":[{"id":118,"href":"https:\/\/thema-justice-2025.esj-lille.net\/index.php\/wp-json\/wp\/v2\/posts\/117\/revisions\/118"}],"wp:featuredmedia":[{"embeddable":true,"href":"https:\/\/thema-justice-2025.esj-lille.net\/index.php\/wp-json\/wp\/v2\/media\/21"}],"wp:attachment":[{"href":"https:\/\/thema-justice-2025.esj-lille.net\/index.php\/wp-json\/wp\/v2\/media?parent=117"}],"wp:term":[{"taxonomy":"category","embeddable":true,"href":"https:\/\/thema-justice-2025.esj-lille.net\/index.php\/wp-json\/wp\/v2\/categories?post=117"},{"taxonomy":"post_tag","embeddable":true,"href":"https:\/\/thema-justice-2025.esj-lille.net\/index.php\/wp-json\/wp\/v2\/tags?post=117"}],"curies":[{"name":"wp","href":"https:\/\/api.w.org\/{rel}","templated":true}]}}