{"id":76,"date":"2025-05-23T16:41:03","date_gmt":"2025-05-23T14:41:03","guid":{"rendered":"http:\/\/thema-justice-2025.esj-lille.net\/?p=76"},"modified":"2025-06-03T23:44:47","modified_gmt":"2025-06-03T21:44:47","slug":"a-la-maison-des-familles-de-la-prison-dannoeullin-je-leur-ai-dit-que-papa-travaille-dans-une-grande-usine","status":"publish","type":"post","link":"https:\/\/thema-justice-2025.esj-lille.net\/index.php\/2025\/05\/23\/a-la-maison-des-familles-de-la-prison-dannoeullin-je-leur-ai-dit-que-papa-travaille-dans-une-grande-usine\/","title":{"rendered":"\u00c0 la maison des familles de la prison d\u2019Ann\u0153ullin :\u00a0\u00ab Je leur ai dit que papa travaille dans une grande usine \u00bb"},"content":{"rendered":"\n<p><strong>Nathalie, Anissa, et Fatima effectuent chaque semaine le trajet vers la prison d&rsquo;Ann\u0153ullin pour visiter leurs proches d\u00e9tenus. Ces m\u00e8res et \u00e9pouses viennent d\u2019horizons diff\u00e9rents, mais ont pourtant une routine identique. Munies d\u2019un sac cabas rempli de linge propre, elles se rendent au parloir. Un rituel hebdomadaire qui rythmera leur vie en suspens jusqu\u2019\u00e0 la fin de peine de leur mari ou fils.<\/strong><\/p>\n\n\n\n<p>Porte de Douai, un samedi midi glacial du mois de d\u00e9cembre. Les vrombissements du bus 858 terminus Bauvin se font ressentir. A l&rsquo;int\u00e9rieur du car floqu\u00e9 d\u2019un large bandeau bleu r\u00e9gion Hauts-De-France, des \u00e9tudiants et lyc\u00e9ens encapuch\u00e9s d\u00e9briefent leur matin\u00e9e. Le v\u00e9hicule marque un premier arr\u00eat porte d\u2019Arras, lorsque Nathalie, fr\u00eale quadrag\u00e9naire, un sac cabas noir et blanc accroch\u00e9 \u00e0 l\u2019\u00e9paule, s\u2019engouffre dans l\u2019habitacle. L\u2019autocar red\u00e9marre, traverse des kilom\u00e8tres de vastes zones commerciales, puis s\u2019enfonce dans la campagne de la P\u00e9v\u00e8le. Soudain, une voix pr\u00e9enregistr\u00e9e annonce : \u00ab <em>Prochain arr\u00eat, Annoeullin centre p\u00e9nitentiaire<\/em> \u00bb. Le v\u00e9hicule se gare devant des gros blocs de b\u00e9tons ceintur\u00e9s de fils barbel\u00e9s, qui balafrent le paysage agricole. Le trajet s&rsquo;arr\u00eate ici pour Nathalie. Emmitoufl\u00e9e dans une grosse doudoune noire matelass\u00e9e, elle se dirige vers la maison des familles, un petit b\u00e2timent cubique couleur cr\u00e8me pos\u00e9 aux portes du centre p\u00e9nitentiaire. Cette compagne de d\u00e9tenu est impatiente. Dans une heure, elle a rendez-vous avec l\u2019homme qu\u2019elle aime, de l\u2019autre c\u00f4t\u00e9 du mur d\u2019enceinte de la prison.<\/p>\n\n\n\n<h2 class=\"wp-block-heading has-text-color has-link-color wp-elements-cb8617a3bf10171e199518ee46e8406c\" style=\"color:#aa374e;font-size:25px\"><strong>Cabas marqu\u00e9s au feutre noir<\/strong><\/h2>\n\n\n\n<p>Au sein de la maison des familles, d\u2019autres femmes attabl\u00e9es attendent f\u00e9brilement l\u2019heure du parloir. Les cris de leurs enfants r\u00e9sonnent dans toute la structure, et se m\u00ealent au tintement des cl\u00e9s sur les casiers m\u00e9talliques. \u00ab <em>Elles doivent partir au parloir uniquement avec leur carte d&rsquo;identit\u00e9, leur sac de linge et la cl\u00e9 du vestiaire qu&rsquo;on leur remet. <\/em><em>\u00bb <\/em>pr\u00e9cise Ang\u00e8le Langui, 67 ans, b\u00e9n\u00e9vole au sein de l\u2019association Trait d\u2019union. Les adh\u00e9rents assurent une permanence les jours de parloir dans les locaux de la maison des familles.<\/p>\n\n\n\n<div class=\"wp-block-columns is-layout-flex wp-container-core-columns-is-layout-9d6595d7 wp-block-columns-is-layout-flex\">\n<div class=\"wp-block-column is-layout-flow wp-block-column-is-layout-flow\">\n<p>Dans le hall d&rsquo;attente, de grands sacs de courses bigarr\u00e9s colorent le sol jaun\u00e2tre. Ga\u00e9tan T n\u00ba 7638, Olivier M n\u00ba 1544, Jean Baptiste D n\u00ba 6781\u2026 peut-on lire sur la face int\u00e9rieure des cabas remplis de linge propre. Souvent, m\u00e8res et \u00e9pouses ont pris soin de marquer au feutre noir l\u2019identit\u00e9 et le num\u00e9ro d\u2019\u00e9crou de l\u2019\u00eatre cher condamn\u00e9.&nbsp;\u00ab<em> Mon mari est incarc\u00e9r\u00e9 depuis septembre 2023. Toutes les semaines je lui lave ses v\u00eatements et je les parfume \u00bb, <\/em>explique Anissa, une trentenaire brune, avec de larges lunettes de vue viss\u00e9es sur le nez. Nathalie, elle aussi, suit le m\u00eame rituel \u00e0 chaque retour de parloir : \u00ab<em> Je mets automatiquement la machine en route puis je pr\u00e9pare le sac suivant. \u00bb<\/em><\/p>\n<\/div>\n\n\n\n<div class=\"wp-block-column is-layout-flow wp-block-column-is-layout-flow\">\n<figure class=\"wp-block-image size-large is-resized\"><img fetchpriority=\"high\" decoding=\"async\" width=\"768\" height=\"1024\" src=\"https:\/\/thema-justice-2025.esj-lille.net\/wp-content\/uploads\/2025\/05\/salle-daccueil-maison-des-familles-photo1-768x1024.jpg\" alt=\"\" class=\"wp-image-80\" style=\"width:362px;height:auto\" srcset=\"https:\/\/thema-justice-2025.esj-lille.net\/wp-content\/uploads\/2025\/05\/salle-daccueil-maison-des-familles-photo1-768x1024.jpg 768w, https:\/\/thema-justice-2025.esj-lille.net\/wp-content\/uploads\/2025\/05\/salle-daccueil-maison-des-familles-photo1-225x300.jpg 225w, https:\/\/thema-justice-2025.esj-lille.net\/wp-content\/uploads\/2025\/05\/salle-daccueil-maison-des-familles-photo1-1152x1536.jpg 1152w, https:\/\/thema-justice-2025.esj-lille.net\/wp-content\/uploads\/2025\/05\/salle-daccueil-maison-des-familles-photo1-1536x2048.jpg 1536w, https:\/\/thema-justice-2025.esj-lille.net\/wp-content\/uploads\/2025\/05\/salle-daccueil-maison-des-familles-photo1-scaled.jpg 1920w, https:\/\/thema-justice-2025.esj-lille.net\/wp-content\/uploads\/2025\/05\/salle-daccueil-maison-des-familles-photo1-1440x1920.jpg 1440w, https:\/\/thema-justice-2025.esj-lille.net\/wp-content\/uploads\/2025\/05\/salle-daccueil-maison-des-familles-photo1-1200x1600.jpg 1200w, https:\/\/thema-justice-2025.esj-lille.net\/wp-content\/uploads\/2025\/05\/salle-daccueil-maison-des-familles-photo1-780x1040.jpg 780w, https:\/\/thema-justice-2025.esj-lille.net\/wp-content\/uploads\/2025\/05\/salle-daccueil-maison-des-familles-photo1-600x800.jpg 600w, https:\/\/thema-justice-2025.esj-lille.net\/wp-content\/uploads\/2025\/05\/salle-daccueil-maison-des-familles-photo1-550x733.jpg 550w, https:\/\/thema-justice-2025.esj-lille.net\/wp-content\/uploads\/2025\/05\/salle-daccueil-maison-des-familles-photo1-370x493.jpg 370w, https:\/\/thema-justice-2025.esj-lille.net\/wp-content\/uploads\/2025\/05\/salle-daccueil-maison-des-familles-photo1-255x340.jpg 255w\" sizes=\"(max-width: 768px) 100vw, 768px\" \/><\/figure>\n\n\n\n<p class=\"has-small-font-size\">La salle d&rsquo;accueil de la maison des familles<\/p>\n<\/div>\n<\/div>\n\n\n\n<h2 class=\"wp-block-heading has-text-color has-link-color wp-elements-e3d61c7e71acb3c87c6a095bcc530030\" style=\"color:#aa374e;font-size:25px\"><strong>Une vie en stand-by<\/strong><\/h2>\n\n\n\n<p>Depuis l\u2019incarc\u00e9ration de leur conjoint, la vie et les projets de ces femmes sont \u00ab<em>en stand-by<\/em><em>\u00bb<\/em> comme le d\u00e9plore Anissa en repla\u00e7ant une m\u00e8che s\u2019\u00e9chappant de son chignon. Nathalie confirme : \u00ab<em> En tant que femme de d\u00e9tenu, j&rsquo;ai l&rsquo;impression qu&rsquo;on a aussi un pied \u00e0 l&rsquo;int\u00e9rieur.\u00bb<\/em> Toutes attendent avec impatience le jour de la lib\u00e9ration. Le conjoint de Nathalie a pris 7 ans. Elle esp\u00e8re qu\u2019\u00e0 sa sortie, il trouvera un emploi \u00ab<em> <\/em><em>parce que c\u2019est pas facile de se r\u00e9ins\u00e9rer apr\u00e8s autant d\u2019ann\u00e9es.<\/em><em>\u00bb<\/em><em>&nbsp;<\/em><\/p>\n\n\n\n<p>La r\u00e9insertion professionnelle apr\u00e8s le choc carc\u00e9ral est un sujet qui pr\u00e9occupe aussi Fatima, dont le fils entame sa septi\u00e8me ann\u00e9e derri\u00e8re les barreaux. \u00c9crou\u00e9 l\u2019ann\u00e9e de son bac, le jeune homme suit en d\u00e9tention une formation dans le b\u00e2timent. \u00ab <em>Mon fils m\u2019a dit qu\u2019il voulait sortir avec un dipl\u00f4me ! \u00bb<\/em> se r\u00e9jouit la sexag\u00e9naire, un turban \u00e0 motifs multicolores nou\u00e9 autour de la t\u00eate.&nbsp;<\/p>\n\n\n\n<div class=\"wp-block-columns is-layout-flex wp-container-core-columns-is-layout-9d6595d7 wp-block-columns-is-layout-flex\">\n<div class=\"wp-block-column is-layout-flow wp-block-column-is-layout-flow\">\n<figure class=\"wp-block-image size-large\"><img decoding=\"async\" width=\"768\" height=\"1024\" src=\"https:\/\/thema-justice-2025.esj-lille.net\/wp-content\/uploads\/2025\/05\/coin-enfant-photo-2-768x1024.jpg\" alt=\"\" class=\"wp-image-82\" srcset=\"https:\/\/thema-justice-2025.esj-lille.net\/wp-content\/uploads\/2025\/05\/coin-enfant-photo-2-768x1024.jpg 768w, https:\/\/thema-justice-2025.esj-lille.net\/wp-content\/uploads\/2025\/05\/coin-enfant-photo-2-225x300.jpg 225w, https:\/\/thema-justice-2025.esj-lille.net\/wp-content\/uploads\/2025\/05\/coin-enfant-photo-2-1152x1536.jpg 1152w, https:\/\/thema-justice-2025.esj-lille.net\/wp-content\/uploads\/2025\/05\/coin-enfant-photo-2-1536x2048.jpg 1536w, https:\/\/thema-justice-2025.esj-lille.net\/wp-content\/uploads\/2025\/05\/coin-enfant-photo-2-scaled.jpg 1920w, https:\/\/thema-justice-2025.esj-lille.net\/wp-content\/uploads\/2025\/05\/coin-enfant-photo-2-1440x1920.jpg 1440w, https:\/\/thema-justice-2025.esj-lille.net\/wp-content\/uploads\/2025\/05\/coin-enfant-photo-2-1200x1600.jpg 1200w, https:\/\/thema-justice-2025.esj-lille.net\/wp-content\/uploads\/2025\/05\/coin-enfant-photo-2-780x1040.jpg 780w, https:\/\/thema-justice-2025.esj-lille.net\/wp-content\/uploads\/2025\/05\/coin-enfant-photo-2-600x800.jpg 600w, https:\/\/thema-justice-2025.esj-lille.net\/wp-content\/uploads\/2025\/05\/coin-enfant-photo-2-550x733.jpg 550w, https:\/\/thema-justice-2025.esj-lille.net\/wp-content\/uploads\/2025\/05\/coin-enfant-photo-2-370x493.jpg 370w, https:\/\/thema-justice-2025.esj-lille.net\/wp-content\/uploads\/2025\/05\/coin-enfant-photo-2-255x340.jpg 255w\" sizes=\"(max-width: 768px) 100vw, 768px\" \/><\/figure>\n\n\n\n<p class=\"has-small-font-size\">Le coin enfant de la maison des familles<\/p>\n<\/div>\n\n\n\n<div class=\"wp-block-column is-layout-flow wp-block-column-is-layout-flow\">\n<p>\u00ab <em>Quand mon conjoint sera sorti, mon Dieu ! Je vais oublier tout \u00e7a ! \u00bb, <\/em>s\u2019exclame Anissa. La jeune femme aimerait d\u00e9m\u00e9nager afin de \u00ab <em>repartir sur de nouvelles bases \u00bb.<\/em> L\u2019homme est \u00e9ligible \u00e0 un am\u00e9nagement de peine avec placement sous surveillance \u00e9lectronique, \u00e0 compter de 2026. En attendant, la m\u00e8re de famille souhaite pr\u00e9server ses enfants de la r\u00e9alit\u00e9 carc\u00e9rale. \u00ab <em>Mes enfants ne savent pas que leur p\u00e8re est en prison. \u00bb, <\/em>confie-t-elle. Avant d\u2019ajouter : \u00ab<em> Ils sont tellement innocents, que j\u2019ai pr\u00e9f\u00e9r\u00e9 leur dire que papa avait \u00e9t\u00e9 choisi pour travailler dans une grande usine\u2026 \u00bb<\/em><\/p>\n\n\n\n\n<\/div>\n<\/div>\n\n\n\n<p>\u00ab <em>Est-ce que vous vous \u00eates enregistr\u00e9e pour le parloir ? \u00bb <\/em>L\u2019interruption soudaine d\u2019un surveillant marque la fin de la discussion. Il est presque 14h15, l\u2019heure de franchir les grilles de la prison pour Anissa, Nathalie, Fatima et les autres. Quelques minutes plus tard, paquetage sous le bras, ces femmes s\u2019engouffrent par le minuscule portillon jaune vif qui d\u00e9tonne avec la morosit\u00e9 des lieux. Dans quelques minutes, elles pourront serrer dans leurs bras un fils ou un \u00e9poux. \u00ab <em>Dans des petits boxes de 3 m\u00e8tres sur 3<\/em> <em>\u00bb, <\/em>murmure Nathalie. En ajoutant : \u00ab <em>Mais on s\u2019y fait, c&rsquo;est le temps de s&rsquo;habituer. \u00bb<\/em><\/p>\n\n\n\n<p class=\"has-text-align-right has-text-color has-link-color wp-elements-4e16f50f83992b8a1989d8c7b8a7f4e8\" style=\"color:#aa374e\"><em><strong>&nbsp;&nbsp;&nbsp;&nbsp;&nbsp;&nbsp;&nbsp;&nbsp;&nbsp;&nbsp;&nbsp;&nbsp;&nbsp;&nbsp;&nbsp;&nbsp;&nbsp;&nbsp;&nbsp;&nbsp;&nbsp;&nbsp;&nbsp;&nbsp;&nbsp;&nbsp;&nbsp;&nbsp;&nbsp;&nbsp;&nbsp;&nbsp;&nbsp;&nbsp;&nbsp;&nbsp;&nbsp;&nbsp;&nbsp;&nbsp;&nbsp;&nbsp;&nbsp;&nbsp;&nbsp;&nbsp;&nbsp;&nbsp;&nbsp;&nbsp;&nbsp;&nbsp;&nbsp;&nbsp;&nbsp;&nbsp;&nbsp;&nbsp;&nbsp;&nbsp;&nbsp;&nbsp;&nbsp;&nbsp;&nbsp;&nbsp;&nbsp;&nbsp;&nbsp;&nbsp;&nbsp;&nbsp;&nbsp;&nbsp;&nbsp;&nbsp;&nbsp;&nbsp;&nbsp;&nbsp;&nbsp;&nbsp;&nbsp;&nbsp;&nbsp;&nbsp;&nbsp;&nbsp;&nbsp;&nbsp;&nbsp;&nbsp;&nbsp;&nbsp;&nbsp;&nbsp;&nbsp;&nbsp;&nbsp;&nbsp;&nbsp;&nbsp;&nbsp;&nbsp;&nbsp;&nbsp;&nbsp;&nbsp;&nbsp;&nbsp;&nbsp;&nbsp;&nbsp;&nbsp;<\/strong><\/em><\/p>\n\n\n\n<p class=\"has-text-align-right has-text-color has-link-color wp-elements-5a58bd3008569d265d8883575465bc45\" style=\"color:#aa374e\"><em><strong>&nbsp;&nbsp;&nbsp;&nbsp;&nbsp;&nbsp;&nbsp;&nbsp;&nbsp;&nbsp;Alice Motte<\/strong><\/em><\/p>\n","protected":false},"excerpt":{"rendered":"<p>Nathalie, Anissa, et Fatima effectuent chaque semaine le trajet vers la prison d&rsquo;Ann\u0153ullin pour visiter leurs proches d\u00e9tenus. Ces m\u00e8res et \u00e9pouses viennent d\u2019horizons diff\u00e9rents, mais ont pourtant une routine identique. Munies d\u2019un sac cabas rempli de linge propre, elles se rendent au parloir. Un rituel hebdomadaire qui rythmera leur vie en suspens jusqu\u2019\u00e0 la &#8230;<\/p>\n","protected":false},"author":6,"featured_media":83,"comment_status":"closed","ping_status":"open","sticky":true,"template":"","format":"standard","meta":{"loftocean_post_format_gallery":"","loftocean_post_format_gallery_ids":"","loftocean_post_format_gallery_urls":"","loftocean_post_format_video_id":0,"loftocean_post_format_video_url":"","loftocean_post_format_video_type":"","loftocean_post_format_video":"","loftocean_post_format_audio_type":"","loftocean_post_format_audio_url":"","loftocean_post_format_audio_id":0,"loftocean_post_format_audio":"","loftocean-featured-post":"","loftocean-like-count":1,"loftocean-view-count":432,"loftocean_coauthors":"","alpaca_post_content_reading_setting":"","alpaca_reading_speed_per_minute":0,"alpaca_reading_speed_unit":"","alpaca_single_post_template_layout":"","footnotes":""},"categories":[7],"tags":[10],"class_list":["post-76","post","type-post","status-publish","format-standard","has-post-thumbnail","hentry","category-femmes-de-detenus","tag-homepage"],"loftoceanMetas":{"readingTime":"4 mins read","authorName":"Alice Motte","categories":[{"name":"FEMMES DE D\u00c9TENUS","link":"https:\/\/thema-justice-2025.esj-lille.net\/index.php\/category\/femmes-de-detenus\/","count":2}],"date":"23 mai 2025","featuredImageSRC":"https:\/\/thema-justice-2025.esj-lille.net\/wp-content\/uploads\/2025\/05\/illustration-papier-ecrit-Alice-150x150.jpeg"},"_links":{"self":[{"href":"https:\/\/thema-justice-2025.esj-lille.net\/index.php\/wp-json\/wp\/v2\/posts\/76","targetHints":{"allow":["GET"]}}],"collection":[{"href":"https:\/\/thema-justice-2025.esj-lille.net\/index.php\/wp-json\/wp\/v2\/posts"}],"about":[{"href":"https:\/\/thema-justice-2025.esj-lille.net\/index.php\/wp-json\/wp\/v2\/types\/post"}],"author":[{"embeddable":true,"href":"https:\/\/thema-justice-2025.esj-lille.net\/index.php\/wp-json\/wp\/v2\/users\/6"}],"replies":[{"embeddable":true,"href":"https:\/\/thema-justice-2025.esj-lille.net\/index.php\/wp-json\/wp\/v2\/comments?post=76"}],"version-history":[{"count":3,"href":"https:\/\/thema-justice-2025.esj-lille.net\/index.php\/wp-json\/wp\/v2\/posts\/76\/revisions"}],"predecessor-version":[{"id":215,"href":"https:\/\/thema-justice-2025.esj-lille.net\/index.php\/wp-json\/wp\/v2\/posts\/76\/revisions\/215"}],"wp:featuredmedia":[{"embeddable":true,"href":"https:\/\/thema-justice-2025.esj-lille.net\/index.php\/wp-json\/wp\/v2\/media\/83"}],"wp:attachment":[{"href":"https:\/\/thema-justice-2025.esj-lille.net\/index.php\/wp-json\/wp\/v2\/media?parent=76"}],"wp:term":[{"taxonomy":"category","embeddable":true,"href":"https:\/\/thema-justice-2025.esj-lille.net\/index.php\/wp-json\/wp\/v2\/categories?post=76"},{"taxonomy":"post_tag","embeddable":true,"href":"https:\/\/thema-justice-2025.esj-lille.net\/index.php\/wp-json\/wp\/v2\/tags?post=76"}],"curies":[{"name":"wp","href":"https:\/\/api.w.org\/{rel}","templated":true}]}}