{"id":79,"date":"2025-05-23T16:41:04","date_gmt":"2025-05-23T14:41:04","guid":{"rendered":"http:\/\/thema-justice-2025.esj-lille.net\/?p=79"},"modified":"2025-05-23T20:23:18","modified_gmt":"2025-05-23T18:23:18","slug":"la-femme-criminelle-provoque-une-peur-viscerale","status":"publish","type":"post","link":"https:\/\/thema-justice-2025.esj-lille.net\/index.php\/2025\/05\/23\/la-femme-criminelle-provoque-une-peur-viscerale\/","title":{"rendered":"\u00ab La femme criminelle provoque une peur visc\u00e9rale \u00bb"},"content":{"rendered":"\n<p><strong>La criminalit\u00e9 f\u00e9minine \u00e9tait au c\u0153ur d\u2019un colloque organis\u00e9 par des \u00e9tudiants en droit de l\u2019Universit\u00e9 Panth\u00e9on-Assas au Centre Panth\u00e9on le 26 mars dernier. \u00c0 la table : des invit\u00e9s, des magistrats, des avocats et des criminalistes.\u00a0<\/strong><\/p>\n\n\n\n<p>Au premier \u00e9tage du Centre Panth\u00e9on, dans la salle du Conseil orn\u00e9e de boiseries et de fresques du XVIIIe si\u00e8cle, une table ronde se tient autour d\u2019un sujet encore marginal dans le d\u00e9bat public : la criminalit\u00e9 f\u00e9minine.<\/p>\n\n\n\n<p>Le d\u00e9cor contraste avec l\u2019univers carc\u00e9ral. Loin des murs d\u00e9fra\u00eechis des \u00e9tablissements p\u00e9nitentiaires, des cellules exig\u00fces ou de la tension des salles d\u2019audience. Ici, pourtant, c\u2019est bien d\u2019elles qu\u2019il est question : ces femmes criminelles, peu nombreuses en effectif, mais omnipr\u00e9sentes dans l\u2019imaginaire collectif.<\/p>\n\n\n\n<h2 class=\"wp-block-heading has-text-color has-link-color wp-elements-c9e6d58bab9d9609b09d3898fc637ed2\" style=\"color:#aa374e;font-size:25px\"><strong>Un traitement judiciaire \u00e0 part ?<\/strong><br><\/h2>\n\n\n\n<p>En France, les femmes repr\u00e9sentent une part minime de la population carc\u00e9rale : environ 2 400 d\u00e9tenues contre 80 000 hommes, soit moins de 4 %, selon les chiffres du minist\u00e8re de la Justice en 2023.&nbsp;<\/p>\n\n\n\n<p>Pour Marie-Sophie Baud, ma\u00eetresse de conf\u00e9rences en droit priv\u00e9 et ancienne avocate p\u00e9naliste : les femmes sont moins souvent interpell\u00e9es et condamn\u00e9es que les hommes. Selon l\u2019Insee, les infractions concernent davantage les fraudes, les escroqueries ou le blanchiment. Leur implication dans la commission de violences sexuelles reste marginale.&nbsp;<\/p>\n\n\n\n<p>\u00ab <em>Historiquement, la justice a souvent fait preuve de cl\u00e9mence envers les femmes, ce qui peut sembler paradoxal au regard du principe d\u2019\u00e9galit\u00e9. Certains auteurs parlent d\u2019une protection chevaleresque des hommes envers les femmes. Toutefois, l\u2019arriv\u00e9e des femmes dans la magistrature n\u2019a pas modifi\u00e9 cette tendance, sugg\u00e9rant que cette cl\u00e9mence s\u2019explique davantage par des facteurs socio-\u00e9conomiques que par le genre lui-m\u00eame <\/em>\u00bb, observe l\u2019avocate.&nbsp;<\/p>\n\n\n\n<p>La journaliste Isabelle Horlans a consacr\u00e9 l\u2019un de ses ouvrages \u00e0 l\u2019amour port\u00e9 aux criminels, intitul\u00e9 <em>L\u2019amour (fou) pour un criminel*<\/em>. Elle fait une diff\u00e9rence entre homme et femme dans l\u2019imaginaire collectif : \u00ab <em>La femme criminelle provoque une peur visc\u00e9rale. L\u2019homme criminel, lui, intrigue, voire s\u00e9duit. Cela tient \u00e0 l\u2019id\u00e9e profond\u00e9ment ancr\u00e9e selon laquelle la femme incarne spontan\u00e9ment la douceur, la confiance et le soin<\/em> \u00bb.<\/p>\n\n\n\n<div class=\"wp-block-columns is-layout-flex wp-container-core-columns-is-layout-9d6595d7 wp-block-columns-is-layout-flex\">\n<div class=\"wp-block-column is-layout-flow wp-block-column-is-layout-flow\">\n<p>L\u2019\u00e9tude de la criminalit\u00e9 f\u00e9minine s\u2019est d\u00e9velopp\u00e9e \u00e0 partir des ann\u00e9es 1970, sous l\u2019impulsion des premi\u00e8res chercheuses f\u00e9ministes en criminologie, explique Martine Herzog-Evans, criminologue et professeure de droit.&nbsp;<\/p>\n\n\n\n\n<\/div>\n\n\n\n<div class=\"wp-block-column is-layout-flow wp-block-column-is-layout-flow\">\n<figure class=\"wp-block-image size-large\"><img fetchpriority=\"high\" decoding=\"async\" width=\"1024\" height=\"683\" src=\"https:\/\/thema-justice-2025.esj-lille.net\/wp-content\/uploads\/2025\/05\/image-2-1024x683.jpg\" alt=\"\" class=\"wp-image-81\" srcset=\"https:\/\/thema-justice-2025.esj-lille.net\/wp-content\/uploads\/2025\/05\/image-2-1024x683.jpg 1024w, https:\/\/thema-justice-2025.esj-lille.net\/wp-content\/uploads\/2025\/05\/image-2-300x200.jpg 300w, https:\/\/thema-justice-2025.esj-lille.net\/wp-content\/uploads\/2025\/05\/image-2-768x512.jpg 768w, https:\/\/thema-justice-2025.esj-lille.net\/wp-content\/uploads\/2025\/05\/image-2-1200x800.jpg 1200w, https:\/\/thema-justice-2025.esj-lille.net\/wp-content\/uploads\/2025\/05\/image-2-780x520.jpg 780w, https:\/\/thema-justice-2025.esj-lille.net\/wp-content\/uploads\/2025\/05\/image-2-600x400.jpg 600w, https:\/\/thema-justice-2025.esj-lille.net\/wp-content\/uploads\/2025\/05\/image-2-550x367.jpg 550w, https:\/\/thema-justice-2025.esj-lille.net\/wp-content\/uploads\/2025\/05\/image-2-370x247.jpg 370w, https:\/\/thema-justice-2025.esj-lille.net\/wp-content\/uploads\/2025\/05\/image-2-255x170.jpg 255w, https:\/\/thema-justice-2025.esj-lille.net\/wp-content\/uploads\/2025\/05\/image-2.jpg 1300w\" sizes=\"(max-width: 1024px) 100vw, 1024px\" \/><\/figure>\n<\/div>\n<\/div>\n\n\n\n<p>\u00ab<em>Les femmes, ayant commis des crimes, sont souvent confront\u00e9es \u00e0 des difficult\u00e9s suppl\u00e9mentaires par rapport aux hommes : violences domestiques, financi\u00e8res et sexuelles. Elles sont \u00e9galement davantage impliqu\u00e9es dans ce qu\u2019on appelle des \u201cd\u00e9lits de survie\u201d<\/em>\u202f\u00bb, souligne-t-elle.<\/p>\n\n\n\n<h2 class=\"wp-block-heading has-text-color has-link-color wp-elements-6deca3591db4aebfce52c73a6a565d6c\" style=\"color:#aa374e;font-size:25px\"><strong>Une minorit\u00e9 n\u00e9glig\u00e9e<\/strong><\/h2>\n\n\n\n<p>Les femmes sont minoritaires dans le syst\u00e8me p\u00e9nal. Elles repr\u00e9sentent 18 % des personnes mises en cause, 10 % des justiciables condamn\u00e9s et 3,4% des incarc\u00e9r\u00e9s. Sur 80 000 d\u00e9tenus, elles sont environ 2 400. Contrairement \u00e0 ce que l\u2019on pourrait penser, leur faible nombre ne leur assure pas de meilleures conditions de d\u00e9tention. Les prisons pour femmes \u00e9tant rares, cela entra\u00eene un \u00e9loignement g\u00e9ographique important.&nbsp;<\/p>\n\n\n\n<p>La plupart du temps, il s\u2019agit de quartiers \u201cfemmes\u201d au sein de prison d\u2019hommes. La l\u00e9gislation qui r\u00e9git l\u2019incarc\u00e9ration des femmes limite leurs activit\u00e9s, leur acc\u00e8s \u00e0 la formation et \u00e0 l\u2019emploi. Il y a tr\u00e8s peu de mixit\u00e9 en prison et la loi impose que les femmes soient surveill\u00e9es exclusivement par des femmes. Autre diff\u00e9rence carc\u00e9rale avec les hommes, les jeunes m\u00e8res peuvent accueillir dans leur cellule un enfant jusqu&rsquo;\u00e0 deux ans.<\/p>\n\n\n\n<h2 class=\"wp-block-heading has-text-color has-link-color wp-elements-861530563bc4b7edf8423e38ff87ffd6\" style=\"color:#aa374e;font-size:25px\"><strong>\u201cContextes familiaux destructeurs\u201d\u00a0<\/strong><\/h2>\n\n\n\n<p>\u00ab <em>Les femmes incarc\u00e9r\u00e9es ont souvent un parcours de vie marqu\u00e9 par l\u2019instabilit\u00e9 et la violence. Ces facteurs sont encore plus marqu\u00e9s chez celles qui ont commis des crimes. 85 % d\u2019entre elles ont \u00e9t\u00e9 victimes de violences sexistes ou sexuelles, en tant que mineures ou majeures, un chiffre bien plus \u00e9lev\u00e9 que chez les hommes. Il est essentiel que leur prise en charge tienne compte de cette vuln\u00e9rabilit\u00e9, tant sur le plan psychologique que m\u00e9dical<\/em> \u00bb, souligne Catherine M\u00e9nab\u00e9, ma\u00eetresse de conf\u00e9rences en droit priv\u00e9 et sciences criminelles.&nbsp;<\/p>\n\n\n\n<p>Un constat partag\u00e9 par Janine Bonaggiunta, avocate sp\u00e9cialis\u00e9e en droit de la famille : \u00ab <em>Les femmes que je d\u00e9fends ne sont pas des criminelles n\u00e9es, mais des survivantes de contextes familiaux destructeurs : un p\u00e8re autoritaire ou incestueux, un fr\u00e8re violent, un conjoint abusif <\/em>\u00bb.&nbsp;<\/p>\n\n\n\n<p>L\u2019avocate raconte que ces femmes ont appris \u00e0 se taire, \u00e0 ne pas d\u00e9ranger, \u00e0 endurer. \u00ab <em>Dans le cadre judiciaire, elles n\u2019osent pas s\u2019exprimer, et manquent souvent de ressources pour se d\u00e9fendre. Mon r\u00f4le, en tant que conseil, est de leur rendre une voix, de les humaniser. <\/em>\u00bb<\/p>\n\n\n\n\n\n\n\n<p class=\"has-text-align-right has-text-color has-link-color wp-elements-3fd7d06b36fe1851e9ab89425f4f090a\" style=\"color:#aa374e\"><strong><em>Chlo\u00e9 Courtine<\/em><\/strong><\/p>\n\n\n\n\n\n\n\n<p class=\"has-text-color has-link-color wp-elements-9d2ce2509b1ef33a99af4a8bbc69ab83\" style=\"color:#799496;font-size:15px\">*Isabelle Horlans, <em>L\u2019amour (fou) pour un criminel<\/em>, publi\u00e9 le 26 mai 2016 aux \u00e9ditions Points Crime. Ce livre de 216 pages est disponible en format broch\u00e9 au prix de 12,31 \u20ac.<\/p>\n\n\n\n\n","protected":false},"excerpt":{"rendered":"<p>La criminalit\u00e9 f\u00e9minine \u00e9tait au c\u0153ur d\u2019un colloque organis\u00e9 par des \u00e9tudiants en droit de l\u2019Universit\u00e9 Panth\u00e9on-Assas au Centre Panth\u00e9on le 26 mars dernier. \u00c0 la table : des invit\u00e9s, des magistrats, des avocats et des criminalistes.\u00a0 Au premier \u00e9tage du Centre Panth\u00e9on, dans la salle du Conseil orn\u00e9e de boiseries et de fresques du &#8230;<\/p>\n","protected":false},"author":7,"featured_media":84,"comment_status":"closed","ping_status":"open","sticky":false,"template":"","format":"standard","meta":{"loftocean_post_format_gallery":"","loftocean_post_format_gallery_ids":"","loftocean_post_format_gallery_urls":"","loftocean_post_format_video_id":0,"loftocean_post_format_video_url":"","loftocean_post_format_video_type":"","loftocean_post_format_video":"","loftocean_post_format_audio_type":"","loftocean_post_format_audio_url":"","loftocean_post_format_audio_id":0,"loftocean_post_format_audio":"","loftocean-featured-post":"","loftocean-like-count":0,"loftocean-view-count":348,"loftocean_coauthors":"","alpaca_post_content_reading_setting":"","alpaca_reading_speed_per_minute":0,"alpaca_reading_speed_unit":"","alpaca_single_post_template_layout":"","footnotes":""},"categories":[4],"tags":[],"class_list":["post-79","post","type-post","status-publish","format-standard","has-post-thumbnail","hentry","category-femmes-criminelles"],"loftoceanMetas":{"readingTime":"3 mins read","authorName":"Chlo\u00e9 Courtine","categories":[{"name":"FEMMES CRIMINELLES","link":"https:\/\/thema-justice-2025.esj-lille.net\/index.php\/category\/femmes-criminelles\/","count":3}],"date":"23 mai 2025","featuredImageSRC":"https:\/\/thema-justice-2025.esj-lille.net\/wp-content\/uploads\/2025\/05\/image-1--150x150.jpg"},"_links":{"self":[{"href":"https:\/\/thema-justice-2025.esj-lille.net\/index.php\/wp-json\/wp\/v2\/posts\/79","targetHints":{"allow":["GET"]}}],"collection":[{"href":"https:\/\/thema-justice-2025.esj-lille.net\/index.php\/wp-json\/wp\/v2\/posts"}],"about":[{"href":"https:\/\/thema-justice-2025.esj-lille.net\/index.php\/wp-json\/wp\/v2\/types\/post"}],"author":[{"embeddable":true,"href":"https:\/\/thema-justice-2025.esj-lille.net\/index.php\/wp-json\/wp\/v2\/users\/7"}],"replies":[{"embeddable":true,"href":"https:\/\/thema-justice-2025.esj-lille.net\/index.php\/wp-json\/wp\/v2\/comments?post=79"}],"version-history":[{"count":1,"href":"https:\/\/thema-justice-2025.esj-lille.net\/index.php\/wp-json\/wp\/v2\/posts\/79\/revisions"}],"predecessor-version":[{"id":86,"href":"https:\/\/thema-justice-2025.esj-lille.net\/index.php\/wp-json\/wp\/v2\/posts\/79\/revisions\/86"}],"wp:featuredmedia":[{"embeddable":true,"href":"https:\/\/thema-justice-2025.esj-lille.net\/index.php\/wp-json\/wp\/v2\/media\/84"}],"wp:attachment":[{"href":"https:\/\/thema-justice-2025.esj-lille.net\/index.php\/wp-json\/wp\/v2\/media?parent=79"}],"wp:term":[{"taxonomy":"category","embeddable":true,"href":"https:\/\/thema-justice-2025.esj-lille.net\/index.php\/wp-json\/wp\/v2\/categories?post=79"},{"taxonomy":"post_tag","embeddable":true,"href":"https:\/\/thema-justice-2025.esj-lille.net\/index.php\/wp-json\/wp\/v2\/tags?post=79"}],"curies":[{"name":"wp","href":"https:\/\/api.w.org\/{rel}","templated":true}]}}