{"id":87,"date":"2025-05-23T16:58:21","date_gmt":"2025-05-23T14:58:21","guid":{"rendered":"http:\/\/thema-justice-2025.esj-lille.net\/?p=87"},"modified":"2025-06-04T16:48:02","modified_gmt":"2025-06-04T14:48:02","slug":"lavocat-etait-une-femme-une-plaidoirie-a-dix-voix-des-tenoras-du-barreau","status":"publish","type":"post","link":"https:\/\/thema-justice-2025.esj-lille.net\/index.php\/2025\/05\/23\/lavocat-etait-une-femme-une-plaidoirie-a-dix-voix-des-tenoras-du-barreau\/","title":{"rendered":"\u00ab L\u2019avocat \u00e9tait une femme \u00bb\u00a0: une plaidoirie \u00e0 dix voix des \u201ctenoras\u201d du barreau"},"content":{"rendered":"\n<p><strong>En janvier 2021, l\u2019avocate Julia Minkowski et la journaliste Lisa Vignoli publient dix portraits d\u2019avocates p\u00e9nalistes, \u00e0 travers leur affaire la plus marquante (*). Des r\u00e9cits engag\u00e9s \u00e0 la crois\u00e9e du droit, de l\u2019histoire et du f\u00e9minisme.<\/strong><\/p>\n\n\n\n<p>Julia Minkowski les surnomme les \u00ab tenoras \u00bb. Elles ont acquis leur renomm\u00e9e en plaidant dans des affaires criminelles ou des dossiers m\u00e9diatiques.&nbsp; Si les femmes repr\u00e9sentent aujourd\u2019hui 56 % des avocats, toutes sp\u00e9cialit\u00e9s confondues, leur place dans l\u2019ar\u00e8ne p\u00e9nale reste une conqu\u00eate r\u00e9cente, encore marqu\u00e9e par un univers historiquement masculin.<\/p>\n\n\n\n<p>Alors que les \u00ab t\u00e9nors du barreau \u00bb ont longtemps monopolis\u00e9 l\u2019attention, ce livre se concentre sur les grands dossiers plaid\u00e9s par des femmes comme&nbsp; Fr\u00e9d\u00e9rique Pons pour Guy George ou C\u00e9line Lasek pour Bertrand Cantat. Parmi elles figure Jacqueline Laffont, l\u2019une des figures les plus respect\u00e9es de la profession. Elle s\u2019est illustr\u00e9e dans des dossiers embl\u00e9matiques, comme celui de Patrice de Maistre dans l\u2019affaire Bettencourt ou encore la d\u00e9fense de Nicolas Sarkozy dans l\u2019affaire des \u00e9coutes. Mais c\u2019est \u00e0 travers la d\u00e9fense de Charles Pasqua, ancien ministre de l&rsquo;int\u00e9rieur qu\u2019elle choisit d\u2019exprimer sa vision du m\u00e9tier. \u00c0 travers son t\u00e9moignage, elle confie ainsi n\u2019avoir jamais trop cloisonn\u00e9 sa vie professionnelle de sa vie priv\u00e9e.&nbsp;<\/p>\n\n\n\n<p>D&rsquo;autres avocates partagent \u00e9galement, avec sinc\u00e9rit\u00e9, les \u00e9preuves \u00e9motionnelles qu\u2019elles ont pu traverser, certaines \u00e9voquent des larmes vers\u00e9es apr\u00e8s un proc\u00e8s \u00e9prouvant. D\u2019autres n\u2019h\u00e9sitent pas \u00e0 dire qu&rsquo;elles ont sollicit\u00e9 un soutien psychologique.<\/p>\n\n\n\n<p>Ce livre se veut \u00e9galement un outil de transmission. Julia Minkowski, fondatrice en 2013 du Club des femmes p\u00e9nalistes, a souhait\u00e9 faire exister dans l\u2019imaginaire collectif des figures f\u00e9minines de la plaidoirie \u00ab pour que le grand public apprenne \u00e0 conna\u00eetre ces <em>Dupond-Moretti<\/em> au f\u00e9minin \u00bb et inciter les futures g\u00e9n\u00e9rations \u00e0 s\u2019identifier \u00e0 ces mod\u00e8les. Elle souligne aussi que l\u2019ouvrage \u00ab met en lumi\u00e8re de grandes avocates pour que chacun, s\u2019il est un jour confront\u00e9 \u00e0 la justice, n\u2019h\u00e9site pas \u00e0 choisir une femme pour le d\u00e9fendre \u00bb.<\/p>\n\n\n\n\n\n\n\n<p class=\"has-text-align-right has-text-color has-link-color wp-elements-8684864515a46a097845d6197e3fe2aa\" style=\"color:#aa374e\"><em><strong>Chlo\u00e9 Courtine<\/strong><\/em><\/p>\n\n\n\n<p class=\"has-text-color has-link-color wp-elements-b273c4ca8f2dd5b71f8cb762f1d6f9d3\" style=\"color:#799496;font-size:15px\">* \u00ab L\u2019avocat \u00e9tait une femme \u00bb de Julia Minkowski et Lisa Vignoli, \u00e9ditions Jean-Claude Latt\u00e8s (Grand Format 19 euros)<\/p>\n","protected":false},"excerpt":{"rendered":"<p>En janvier 2021, l\u2019avocate Julia Minkowski et la journaliste Lisa Vignoli publient dix portraits d\u2019avocates p\u00e9nalistes, \u00e0 travers leur affaire la plus marquante (*). Des r\u00e9cits engag\u00e9s \u00e0 la crois\u00e9e du droit, de l\u2019histoire et du f\u00e9minisme. Julia Minkowski les surnomme les \u00ab tenoras \u00bb. Elles ont acquis leur renomm\u00e9e en plaidant dans des affaires &#8230;<\/p>\n","protected":false},"author":7,"featured_media":245,"comment_status":"closed","ping_status":"open","sticky":false,"template":"","format":"standard","meta":{"loftocean_post_format_gallery":"","loftocean_post_format_gallery_ids":"","loftocean_post_format_gallery_urls":"","loftocean_post_format_video_id":0,"loftocean_post_format_video_url":"","loftocean_post_format_video_type":"","loftocean_post_format_video":"","loftocean_post_format_audio_type":"","loftocean_post_format_audio_url":"","loftocean_post_format_audio_id":0,"loftocean_post_format_audio":"","loftocean-featured-post":"","loftocean-like-count":0,"loftocean-view-count":356,"loftocean_coauthors":"","alpaca_post_content_reading_setting":"","alpaca_reading_speed_per_minute":0,"alpaca_reading_speed_unit":"","alpaca_single_post_template_layout":"","footnotes":""},"categories":[8],"tags":[],"class_list":["post-87","post","type-post","status-publish","format-standard","has-post-thumbnail","hentry","category-femmes-de-justice"],"loftoceanMetas":{"readingTime":"2 mins read","authorName":"Chlo\u00e9 Courtine","categories":[{"name":"FEMMES DE JUSTICE","link":"https:\/\/thema-justice-2025.esj-lille.net\/index.php\/category\/femmes-de-justice\/","count":4}],"date":"23 mai 2025","featuredImageSRC":"https:\/\/thema-justice-2025.esj-lille.net\/wp-content\/uploads\/2025\/05\/l_avocat-etait-une-femme-150x150.jpg"},"_links":{"self":[{"href":"https:\/\/thema-justice-2025.esj-lille.net\/index.php\/wp-json\/wp\/v2\/posts\/87","targetHints":{"allow":["GET"]}}],"collection":[{"href":"https:\/\/thema-justice-2025.esj-lille.net\/index.php\/wp-json\/wp\/v2\/posts"}],"about":[{"href":"https:\/\/thema-justice-2025.esj-lille.net\/index.php\/wp-json\/wp\/v2\/types\/post"}],"author":[{"embeddable":true,"href":"https:\/\/thema-justice-2025.esj-lille.net\/index.php\/wp-json\/wp\/v2\/users\/7"}],"replies":[{"embeddable":true,"href":"https:\/\/thema-justice-2025.esj-lille.net\/index.php\/wp-json\/wp\/v2\/comments?post=87"}],"version-history":[{"count":2,"href":"https:\/\/thema-justice-2025.esj-lille.net\/index.php\/wp-json\/wp\/v2\/posts\/87\/revisions"}],"predecessor-version":[{"id":246,"href":"https:\/\/thema-justice-2025.esj-lille.net\/index.php\/wp-json\/wp\/v2\/posts\/87\/revisions\/246"}],"wp:featuredmedia":[{"embeddable":true,"href":"https:\/\/thema-justice-2025.esj-lille.net\/index.php\/wp-json\/wp\/v2\/media\/245"}],"wp:attachment":[{"href":"https:\/\/thema-justice-2025.esj-lille.net\/index.php\/wp-json\/wp\/v2\/media?parent=87"}],"wp:term":[{"taxonomy":"category","embeddable":true,"href":"https:\/\/thema-justice-2025.esj-lille.net\/index.php\/wp-json\/wp\/v2\/categories?post=87"},{"taxonomy":"post_tag","embeddable":true,"href":"https:\/\/thema-justice-2025.esj-lille.net\/index.php\/wp-json\/wp\/v2\/tags?post=87"}],"curies":[{"name":"wp","href":"https:\/\/api.w.org\/{rel}","templated":true}]}}