{"id":88,"date":"2025-05-23T17:02:58","date_gmt":"2025-05-23T15:02:58","guid":{"rendered":"http:\/\/thema-justice-2025.esj-lille.net\/?p=88"},"modified":"2025-05-23T20:23:10","modified_gmt":"2025-05-23T18:23:10","slug":"dr-ameziane-ait-menguellet-le-role-des-experts-psychiatres-est-de-ramener-du-sens-aux-actes-commis","status":"publish","type":"post","link":"https:\/\/thema-justice-2025.esj-lille.net\/index.php\/2025\/05\/23\/dr-ameziane-ait-menguellet-le-role-des-experts-psychiatres-est-de-ramener-du-sens-aux-actes-commis\/","title":{"rendered":"Dr Ameziane A\u00eft Menguellet\u00a0: \u00ab\u00a0Le r\u00f4le des experts psychiatres est de ramener du sens aux actes commis\u00a0\u00bb"},"content":{"rendered":"\n<p><strong>Dans les proc\u00e8s d\u2019assises, le rapport de l\u2019expert psychiatre aide la justice \u00e0 \u00e9tablir la responsabilit\u00e9 p\u00e9nale de l\u2019accus\u00e9 et \u00e0 mesurer la souffrance des plaignants. Victimes ou accus\u00e9es, la majorit\u00e9 des femmes confront\u00e9es \u00e0 la justice ont en commun des traumatismes li\u00e9s \u00e0 la violence.<\/strong><br><\/p>\n\n\n\n<div class=\"wp-block-columns is-layout-flex wp-container-core-columns-is-layout-9d6595d7 wp-block-columns-is-layout-flex\">\n<div class=\"wp-block-column is-layout-flow wp-block-column-is-layout-flow\">\n<p>Le r\u00f4le principal de l\u2019expert psychiatre dans un proc\u00e8s d\u2019assises est d\u2019\u00e9valuer la responsabilit\u00e9 de l\u2019accus\u00e9 au moment des faits. En France, le Code p\u00e9nal pr\u00e9voit que cette\u00a0 \u00ab\u00a0<em>responsabilit\u00e9 p\u00e9nale peut \u00eatre att\u00e9nu\u00e9e ou supprim\u00e9e si un trouble psychique a aboli ou alt\u00e9r\u00e9 le discernement\u00a0<\/em>\u00bb, explique le Dr Ameziane A\u00eft Menguellet, expert psychiatre agr\u00e9\u00e9 par la cour d\u2019appel de Douai. <\/p>\n<\/div>\n\n\n\n<div class=\"wp-block-column is-layout-flow wp-block-column-is-layout-flow\">\n<figure class=\"wp-block-image size-large\"><img fetchpriority=\"high\" decoding=\"async\" width=\"1024\" height=\"576\" src=\"https:\/\/thema-justice-2025.esj-lille.net\/wp-content\/uploads\/2025\/05\/16x9-1024x576.jpg\" alt=\"\" class=\"wp-image-109\" srcset=\"https:\/\/thema-justice-2025.esj-lille.net\/wp-content\/uploads\/2025\/05\/16x9-1024x576.jpg 1024w, https:\/\/thema-justice-2025.esj-lille.net\/wp-content\/uploads\/2025\/05\/16x9-300x169.jpg 300w, https:\/\/thema-justice-2025.esj-lille.net\/wp-content\/uploads\/2025\/05\/16x9-768x432.jpg 768w, https:\/\/thema-justice-2025.esj-lille.net\/wp-content\/uploads\/2025\/05\/16x9-1536x864.jpg 1536w, https:\/\/thema-justice-2025.esj-lille.net\/wp-content\/uploads\/2025\/05\/16x9-1440x810.jpg 1440w, https:\/\/thema-justice-2025.esj-lille.net\/wp-content\/uploads\/2025\/05\/16x9-1200x675.jpg 1200w, https:\/\/thema-justice-2025.esj-lille.net\/wp-content\/uploads\/2025\/05\/16x9-780x439.jpg 780w, https:\/\/thema-justice-2025.esj-lille.net\/wp-content\/uploads\/2025\/05\/16x9-600x338.jpg 600w, https:\/\/thema-justice-2025.esj-lille.net\/wp-content\/uploads\/2025\/05\/16x9-550x309.jpg 550w, https:\/\/thema-justice-2025.esj-lille.net\/wp-content\/uploads\/2025\/05\/16x9-370x208.jpg 370w, https:\/\/thema-justice-2025.esj-lille.net\/wp-content\/uploads\/2025\/05\/16x9-255x143.jpg 255w, https:\/\/thema-justice-2025.esj-lille.net\/wp-content\/uploads\/2025\/05\/16x9.jpg 1920w\" sizes=\"(max-width: 1024px) 100vw, 1024px\" \/><\/figure>\n<\/div>\n<\/div>\n\n\n\n<p>L\u2019expert est charg\u00e9 de d\u00e9terminer si, au moment des faits, l\u2019accus\u00e9 comprenait la port\u00e9e de ses actes et s\u2019il pouvait les contr\u00f4ler. \u00ab<em>\u00a0Cette \u00e9valuation est souvent complexe, car elle n\u00e9cessite de reconstituer un \u00e9tat mental pass\u00e9 et limit\u00e9 au moment du passage \u00e0 l\u2019acte, \u00e0 partir d\u2019une consultation <\/em>\u00bb, poursuit le sp\u00e9cialiste. Si l\u2019expert conclut \u00e0 une irresponsabilit\u00e9 p\u00e9nale, la partie civile peut demander une contre-expertise, souvent r\u00e9alis\u00e9e par plusieurs sp\u00e9cialistes, afin de garantir l\u2019\u00e9quit\u00e9 du proc\u00e8s. Le rapport d\u2019expertise, remis au juge, est ensuite pr\u00e9sent\u00e9 oralement devant la cour d\u2019assises, o\u00f9 il sert de r\u00e9f\u00e9rence pour la d\u00e9cision judiciaire.\u00a0<\/p>\n\n\n\n<p>Au-del\u00e0 de la responsabilit\u00e9 p\u00e9nale, l\u2019expertise psychiatrique permet aussi d\u2019\u00e9valuer la dangerosit\u00e9 de l\u2019accus\u00e9, un crit\u00e8re d\u00e9terminant pour les mesures de s\u00fbret\u00e9 ou les am\u00e9nagements de peine. Les experts interviennent \u00e9galement apr\u00e8s le jugement, notamment pour suivre l\u2019\u00e9volution du condamn\u00e9, conseiller sur les soins \u00e0 prodiguer, ou encore sur les modalit\u00e9s de r\u00e9insertion. \u00ab<em>&nbsp;Le r\u00f4le de l\u2019expert psychiatre est de ramener du sens&nbsp;aux actes commis&nbsp;<\/em>\u00bb, indique le Dr A\u00eft-Menguelet.<\/p>\n\n\n\n<h2 class=\"wp-block-heading has-text-color has-link-color wp-elements-e8dbdc5cfcc598b89c34d3531fa09e01\" style=\"color:#aa374e;font-size:25px\"><strong>Le poids de la violence subie par les femmes<\/strong><\/h2>\n\n\n\n<p>Dans les affaires de violences sexuelles, l\u2019expertise psychiatrique joue un r\u00f4le crucial pour \u00e9clairer la cour sur les cons\u00e9quences psychiques des agressions sur les femmes victimes. Ces agressions provoquent des d\u00e9pressions s\u00e9v\u00e8res, des syndromes de stress post-traumatique, des troubles anxieux ou encore des m\u00e9canismes de dissociation, o\u00f9 la victime \u00ab se dissocie de son corps \u00bb pour se prot\u00e9ger. Un ph\u00e9nom\u00e8ne \u00ab&nbsp;<em>pouvant influencer leur t\u00e9moignage et leur comportement en justice&nbsp;<\/em>\u00bb, note le Dr A\u00eft Menguellet. Chez les femmes accus\u00e9es, les experts sont \u00e9galement attentifs \u00e0 des facteurs comme les violences subies, les troubles psychiques li\u00e9s \u00e0 la maternit\u00e9 ou \u00e0 des contextes socio-\u00e9conomiques difficiles qui se retrouvent dans de nombreux dossiers de criminalit\u00e9 f\u00e9minine.<\/p>\n\n\n\n<p>Lors d\u2019un proc\u00e8s, certains accus\u00e9s peuvent chercher \u00e0 minimiser leur responsabilit\u00e9 en simulant des troubles mentaux pour tenter d\u2019att\u00e9nuer leur peine. \u00c0 contrario, certaines victimes tenteront d\u2019exag\u00e9rer leurs souffrances pour obtenir une r\u00e9paration. C\u2019est aussi vrai pour les femmes que pour les hommes.<\/p>\n\n\n\n<p>Ainsi, dans un contexte de lib\u00e9ration de la parole des victimes de violences sexuelles, l\u2019augmentation du nombre de plaintes n\u2019\u00e9chappe pas \u00e0 quelques tentatives de manipulation. \u00ab&nbsp;<em>Depuis #Metoo, le nombre de t\u00e9moignages mensongers a augment\u00e9,<\/em> constate le Dr A\u00eft Menguellet. <em>Le r\u00f4le de l\u2019expert-psychiatre est de r\u00e9aliser une analyse la plus fine possible du discours de la victime comme de l\u2019accus\u00e9, mais nous ne sommes pas des d\u00e9tecteurs de mensonge.<\/em>&nbsp;\u00bb<\/p>\n\n\n\n\n\n\n\n<p class=\"has-text-align-right has-text-color has-link-color has-medium-font-size wp-elements-feab3016da8220263c88c2be48e36227\" style=\"color:#aa374e\"><strong><em>Ilies Attia<\/em><\/strong><\/p>\n\n\n\n\n","protected":false},"excerpt":{"rendered":"<p>Dans les proc\u00e8s d\u2019assises, le rapport de l\u2019expert psychiatre aide la justice \u00e0 \u00e9tablir la responsabilit\u00e9 p\u00e9nale de l\u2019accus\u00e9 et \u00e0 mesurer la souffrance des plaignants. Victimes ou accus\u00e9es, la majorit\u00e9 des femmes confront\u00e9es \u00e0 la justice ont en commun des traumatismes li\u00e9s \u00e0 la violence. Le r\u00f4le principal de l\u2019expert psychiatre dans un proc\u00e8s &#8230;<\/p>\n","protected":false},"author":5,"featured_media":109,"comment_status":"closed","ping_status":"open","sticky":false,"template":"","format":"standard","meta":{"loftocean_post_format_gallery":"","loftocean_post_format_gallery_ids":"","loftocean_post_format_gallery_urls":"","loftocean_post_format_video_id":0,"loftocean_post_format_video_url":"","loftocean_post_format_video_type":"","loftocean_post_format_video":"","loftocean_post_format_audio_type":"","loftocean_post_format_audio_url":"","loftocean_post_format_audio_id":0,"loftocean_post_format_audio":"","loftocean-featured-post":"","loftocean-like-count":0,"loftocean-view-count":341,"loftocean_coauthors":"","alpaca_post_content_reading_setting":"","alpaca_reading_speed_per_minute":0,"alpaca_reading_speed_unit":"","alpaca_single_post_template_layout":"","footnotes":""},"categories":[5],"tags":[],"class_list":["post-88","post","type-post","status-publish","format-standard","has-post-thumbnail","hentry","category-juger-les-femmes"],"loftoceanMetas":{"readingTime":"2 mins read","authorName":"Ilies Attia","categories":[{"name":"JUGER LES FEMMES","link":"https:\/\/thema-justice-2025.esj-lille.net\/index.php\/category\/juger-les-femmes\/","count":3}],"date":"23 mai 2025","featuredImageSRC":"https:\/\/thema-justice-2025.esj-lille.net\/wp-content\/uploads\/2025\/05\/16x9-150x150.jpg"},"_links":{"self":[{"href":"https:\/\/thema-justice-2025.esj-lille.net\/index.php\/wp-json\/wp\/v2\/posts\/88","targetHints":{"allow":["GET"]}}],"collection":[{"href":"https:\/\/thema-justice-2025.esj-lille.net\/index.php\/wp-json\/wp\/v2\/posts"}],"about":[{"href":"https:\/\/thema-justice-2025.esj-lille.net\/index.php\/wp-json\/wp\/v2\/types\/post"}],"author":[{"embeddable":true,"href":"https:\/\/thema-justice-2025.esj-lille.net\/index.php\/wp-json\/wp\/v2\/users\/5"}],"replies":[{"embeddable":true,"href":"https:\/\/thema-justice-2025.esj-lille.net\/index.php\/wp-json\/wp\/v2\/comments?post=88"}],"version-history":[{"count":2,"href":"https:\/\/thema-justice-2025.esj-lille.net\/index.php\/wp-json\/wp\/v2\/posts\/88\/revisions"}],"predecessor-version":[{"id":110,"href":"https:\/\/thema-justice-2025.esj-lille.net\/index.php\/wp-json\/wp\/v2\/posts\/88\/revisions\/110"}],"wp:featuredmedia":[{"embeddable":true,"href":"https:\/\/thema-justice-2025.esj-lille.net\/index.php\/wp-json\/wp\/v2\/media\/109"}],"wp:attachment":[{"href":"https:\/\/thema-justice-2025.esj-lille.net\/index.php\/wp-json\/wp\/v2\/media?parent=88"}],"wp:term":[{"taxonomy":"category","embeddable":true,"href":"https:\/\/thema-justice-2025.esj-lille.net\/index.php\/wp-json\/wp\/v2\/categories?post=88"},{"taxonomy":"post_tag","embeddable":true,"href":"https:\/\/thema-justice-2025.esj-lille.net\/index.php\/wp-json\/wp\/v2\/tags?post=88"}],"curies":[{"name":"wp","href":"https:\/\/api.w.org\/{rel}","templated":true}]}}