{"id":96,"date":"2025-05-23T17:19:26","date_gmt":"2025-05-23T15:19:26","guid":{"rendered":"http:\/\/thema-justice-2025.esj-lille.net\/?p=96"},"modified":"2025-06-04T16:46:48","modified_gmt":"2025-06-04T14:46:48","slug":"interprete-judiciaire-donner-a-chacun-le-droit-detre-compris-et-de-se-defendre-equitablement","status":"publish","type":"post","link":"https:\/\/thema-justice-2025.esj-lille.net\/index.php\/2025\/05\/23\/interprete-judiciaire-donner-a-chacun-le-droit-detre-compris-et-de-se-defendre-equitablement\/","title":{"rendered":"Interpr\u00e8te judiciaire : \u00ab Donner \u00e0 chacun le droit d&rsquo;\u00eatre compris et de se d\u00e9fendre \u00e9quitablement \u00bb"},"content":{"rendered":"\n<p><strong>Dans les coulisses des tribunaux, un acteur discret mais essentiel joue un r\u00f4le crucial : l\u2019interpr\u00e8te judiciaire. \u00c0 50 ans, Virginie Caura exerce ce m\u00e9tier depuis pr\u00e8s de dix ans en langue anglaise. Elle est traductrice-interpr\u00e8te asserment\u00e9e, rattach\u00e9e \u00e0 la cour d\u2019appel de Douai.<\/strong><\/p>\n\n\n\n<p style=\"font-size:18px\"><strong><em>Comment devient-on traductrice interpr\u00e8te asserment\u00e9e ?<\/em><\/strong><\/p>\n\n\n\n<p>J\u2019ai commenc\u00e9 ce m\u00e9tier en 2015, apr\u00e8s avoir pass\u00e9 dix ans \u00e0 l\u2019\u00e9tranger, o\u00f9 j\u2019ai pu devenir bilingue. Lors de mon s\u00e9jour en Afrique du Sud, j\u2019ai obtenu un dipl\u00f4me de traductrice et d\u2019interpr\u00e8te. \u00c0 mon retour en France, j\u2019ai entam\u00e9 les proc\u00e9dures pour exercer dans ce domaine, en d\u00e9posant une demande d\u2019assermentation aupr\u00e8s de la cour d\u2019appel, comme l\u2019exige la r\u00e9glementation.<\/p>\n\n\n\n<p>Pour devenir interpr\u00e8te judiciaire, une formation en droit n\u2019est pas obligatoire mais facilite la pratique du m\u00e9tier. De mon c\u00f4t\u00e9, j\u2019avais, par le pass\u00e9, suivi un cursus en droit. Mon inscription aupr\u00e8s de la cour d\u2019appel a \u00e9t\u00e9 facilit\u00e9e, ce dipl\u00f4me \u00e9tant g\u00e9n\u00e9ralement appr\u00e9ci\u00e9.<\/p>\n\n\n\n<p><strong><em>En quoi consiste ce m\u00e9tier ?<\/em><\/strong><\/p>\n\n\n\n<p>L\u2019interpr\u00e8te judiciaire intervient dans toutes les \u00e9tapes d\u2019une proc\u00e9dure lorsqu\u2019une personne ne parle pas suffisamment fran\u00e7ais pour comprendre ce qui lui est reproch\u00e9 ou pour se d\u00e9fendre correctement. On peut \u00eatre appel\u00e9 de la garde \u00e0 vue jusqu\u2019au proc\u00e8s en passant par les interrogatoires devant le procureur ou le juge d\u2019instruction.<\/p>\n\n\n\n<p>Contrairement \u00e0 ce que l\u2019on pourrait penser, notre r\u00f4le ne se limite pas \u00e0 traduire m\u00e9caniquement des mots d\u2019une langue \u00e0 l\u2019autre. Il faut restituer avec exactitude les propos et l\u2019intention de chaque personne, sans jamais d\u00e9former ni interpr\u00e9ter. Nous pr\u00eatons serment et devons \u00eatre d\u2019une neutralit\u00e9 absolue.<\/p>\n\n\n\n<p>Parfois, les pr\u00e9venus ou les victimes cherchent \u00e0 nous parler en dehors des moments officiels, dans les couloirs du tribunal par exemple. Ils sont souvent perdus et tentent d\u2019obtenir des explications sur leur situation. Mais nous ne sommes ni avocats ni conseillers juridiques. Nous devons nous en tenir strictement \u00e0 notre r\u00f4le de traduction, m\u00eame si, humainement, ce n\u2019est pas toujours facile.<\/p>\n\n\n\n<p><strong><em>Quelles sont les comp\u00e9tences et les d\u00e9fis du m\u00e9tier ?<\/em><\/strong><\/p>\n\n\n\n<p>Au-del\u00e0 de la simple ma\u00eetrise de la langue, il faut avoir une excellente compr\u00e9hension des diff\u00e9rents accents. En langue anglaise, je suis confront\u00e9e \u00e0 des locuteurs tr\u00e8s vari\u00e9s : africains, indiens, pakistanais\u2026 Certains ont des accents tr\u00e8s marqu\u00e9s, ce qui peut compliquer la compr\u00e9hension. Il faut savoir refuser une mission si l\u2019on sent que l\u2019on ne pourra pas traduire avec pr\u00e9cision.<\/p>\n\n\n\n<p>Nous avons \u00e9galement une responsabilit\u00e9 \u00e9norme : la moindre erreur peut avoir des cons\u00e9quences judiciaires lourdes. Nous devons traduire mot \u00e0 mot, sans alt\u00e9rer ni nuancer les propos. Tout ce qui est dit par un accus\u00e9, une victime, un juge ou un policier doit \u00eatre restitu\u00e9 avec la m\u00eame intention et le m\u00eame poids.<\/p>\n\n\n\n<p>Mais ce qui rend parfois ce m\u00e9tier difficile, c\u2019est la charge \u00e9motionnelle. Certaines affaires sont particuli\u00e8rement dures \u00e0 entendre. Je me souviens d\u2019un proc\u00e8s \u00e0 huis clos o\u00f9 des mineures racontaient des abus d\u2019une violence extr\u00eame. Dans ces moments-l\u00e0, il faut rester professionnel, mais on ne sort jamais totalement indemne.<\/p>\n\n\n\n<p><strong><em>Comment s\u2019organise le quotidien d\u2019un interpr\u00e8te judiciaire ?<\/em><\/strong><\/p>\n\n\n\n<p>Comme tous mes coll\u00e8gues j\u2019exerce en lib\u00e9ral. Je suis appel\u00e9e en fonction des besoins de la justice. Le tribunal, la police ou la gendarmerie peuvent solliciter un interpr\u00e8te\u00a0 \u00e0 tout moment, car la justice fonctionne 24h\/24. Nous intervenons pour des comparutions imm\u00e9diates, des interrogatoires, des audiences de correctionnelles ou en cour d\u2019assises\u2026 Si nous sommes disponibles, nous acceptons la mission, sinon, un autre interpr\u00e8te est contact\u00e9.<\/p>\n\n\n\n<p><strong><em>Votre m\u00e9tier exige une grande disponibilit\u00e9. Est-il difficile d\u2019\u00eatre pr\u00eate \u00e0 intervenir \u00e0 tout moment ?<\/em><\/strong><\/p>\n\n\n\n<p>Dans ce m\u00e9tier, j\u2019ai remarqu\u00e9 qu\u2019il y a plus de femmes que d\u2019hommes, mais ces derniers acceptent plus facilement les missions de nuit. Personnellement, j\u2019ai refus\u00e9 ce type de missions pour des raisons familiales. Je suis m\u00e8re c\u00e9libataire et une fois, j\u2019avais demand\u00e9 \u00e0 \u00eatre entendue en priorit\u00e9 lors d\u2019une audience pour pouvoir aller chercher mon enfant \u00e0 l\u2019\u00e9cole, cela m\u2019a valu d\u2019\u00eatre \u00e9cart\u00e9e des convocations suivantes.<\/p>\n\n\n\n<p><strong><em>Que vous a appris votre m\u00e9tier, tant sur le plan professionnel que personnel ?<\/em><\/strong><\/p>\n\n\n\n<p>Ce m\u00e9tier m\u2019a aussi fait prendre conscience d\u2019une chose : les personnes jug\u00e9es ne sont pas toujours celles que l\u2019on imagine. On a tous en t\u00eate les st\u00e9r\u00e9otypes du \u00ab criminel \u00bb des films, mais la r\u00e9alit\u00e9 est bien diff\u00e9rente. Beaucoup de pr\u00e9venus sont simplement des gens ordinaires qui ont fait \u201cune erreur\u201d, qui se sont retrouv\u00e9s au mauvais endroit au mauvais moment, ou qui traversent une situation extr\u00eamement compliqu\u00e9e. \u00catre interpr\u00e8te judiciaire, c\u2019est \u00eatre au plus proche de ces r\u00e9alit\u00e9s, avec la responsabilit\u00e9 de donner \u00e0 chacun le droit d\u2019\u00eatre compris et de se d\u00e9fendre \u00e9quitablement.<\/p>\n\n\n\n\n\n\n\n<p class=\"has-text-align-right has-text-color has-link-color wp-elements-493a77d0e23800b0013b64f48f78421e\" style=\"color:#aa374e\">Propos recueillis par Chlo\u00e9 Courtine<\/p>\n\n\n\n\n","protected":false},"excerpt":{"rendered":"<p>Dans les coulisses des tribunaux, un acteur discret mais essentiel joue un r\u00f4le crucial : l\u2019interpr\u00e8te judiciaire. \u00c0 50 ans, Virginie Caura exerce ce m\u00e9tier depuis pr\u00e8s de dix ans en langue anglaise. Elle est traductrice-interpr\u00e8te asserment\u00e9e, rattach\u00e9e \u00e0 la cour d\u2019appel de Douai. Comment devient-on traductrice interpr\u00e8te asserment\u00e9e ? J\u2019ai commenc\u00e9 ce m\u00e9tier en &#8230;<\/p>\n","protected":false},"author":7,"featured_media":244,"comment_status":"closed","ping_status":"open","sticky":false,"template":"","format":"standard","meta":{"loftocean_post_format_gallery":"","loftocean_post_format_gallery_ids":"","loftocean_post_format_gallery_urls":"","loftocean_post_format_video_id":0,"loftocean_post_format_video_url":"","loftocean_post_format_video_type":"","loftocean_post_format_video":"","loftocean_post_format_audio_type":"","loftocean_post_format_audio_url":"","loftocean_post_format_audio_id":0,"loftocean_post_format_audio":"","loftocean-featured-post":"","loftocean-like-count":0,"loftocean-view-count":343,"loftocean_coauthors":"","alpaca_post_content_reading_setting":"","alpaca_reading_speed_per_minute":0,"alpaca_reading_speed_unit":"","alpaca_single_post_template_layout":"","footnotes":""},"categories":[8],"tags":[],"class_list":["post-96","post","type-post","status-publish","format-standard","has-post-thumbnail","hentry","category-femmes-de-justice"],"loftoceanMetas":{"readingTime":"3 mins read","authorName":"Chlo\u00e9 Courtine","categories":[{"name":"FEMMES DE JUSTICE","link":"https:\/\/thema-justice-2025.esj-lille.net\/index.php\/category\/femmes-de-justice\/","count":4}],"date":"23 mai 2025","featuredImageSRC":"https:\/\/thema-justice-2025.esj-lille.net\/wp-content\/uploads\/2025\/05\/justice-2674638_1280-150x150.jpg"},"_links":{"self":[{"href":"https:\/\/thema-justice-2025.esj-lille.net\/index.php\/wp-json\/wp\/v2\/posts\/96","targetHints":{"allow":["GET"]}}],"collection":[{"href":"https:\/\/thema-justice-2025.esj-lille.net\/index.php\/wp-json\/wp\/v2\/posts"}],"about":[{"href":"https:\/\/thema-justice-2025.esj-lille.net\/index.php\/wp-json\/wp\/v2\/types\/post"}],"author":[{"embeddable":true,"href":"https:\/\/thema-justice-2025.esj-lille.net\/index.php\/wp-json\/wp\/v2\/users\/7"}],"replies":[{"embeddable":true,"href":"https:\/\/thema-justice-2025.esj-lille.net\/index.php\/wp-json\/wp\/v2\/comments?post=96"}],"version-history":[{"count":1,"href":"https:\/\/thema-justice-2025.esj-lille.net\/index.php\/wp-json\/wp\/v2\/posts\/96\/revisions"}],"predecessor-version":[{"id":97,"href":"https:\/\/thema-justice-2025.esj-lille.net\/index.php\/wp-json\/wp\/v2\/posts\/96\/revisions\/97"}],"wp:featuredmedia":[{"embeddable":true,"href":"https:\/\/thema-justice-2025.esj-lille.net\/index.php\/wp-json\/wp\/v2\/media\/244"}],"wp:attachment":[{"href":"https:\/\/thema-justice-2025.esj-lille.net\/index.php\/wp-json\/wp\/v2\/media?parent=96"}],"wp:term":[{"taxonomy":"category","embeddable":true,"href":"https:\/\/thema-justice-2025.esj-lille.net\/index.php\/wp-json\/wp\/v2\/categories?post=96"},{"taxonomy":"post_tag","embeddable":true,"href":"https:\/\/thema-justice-2025.esj-lille.net\/index.php\/wp-json\/wp\/v2\/tags?post=96"}],"curies":[{"name":"wp","href":"https:\/\/api.w.org\/{rel}","templated":true}]}}