{"id":98,"date":"2025-05-23T17:23:02","date_gmt":"2025-05-23T15:23:02","guid":{"rendered":"http:\/\/thema-justice-2025.esj-lille.net\/?p=98"},"modified":"2025-06-04T19:07:23","modified_gmt":"2025-06-04T17:07:23","slug":"gilbert-thiel-juge-et-auteur-de-femmes-criminelles","status":"publish","type":"post","link":"https:\/\/thema-justice-2025.esj-lille.net\/index.php\/2025\/05\/23\/gilbert-thiel-juge-et-auteur-de-femmes-criminelles\/","title":{"rendered":"Gilbert Thiel, juge : \u00ab\u00a0elles sont moins mall\u00e9ables que les hommes\u00a0\u00bb"},"content":{"rendered":"\n<p><strong>Juge d\u2019instruction d\u00e8s 1978, Gilbert Thiel a notamment instruit l\u2019affaire Simone Weber, l\u2019une des plus grandes affaires criminelles du XX\u00e8me si\u00e8cle. Le magistrat est auteur de plusieurs ouvrages sur le monde judiciaire. Dans son dernier livre paru en 2024, il pr\u00e9sente une cinquantaine de portraits de femmes criminelles\u00b9.<\/strong><br><br><strong><em>Selon votre exp\u00e9rience, observe-t-on des tendances sp\u00e9cifiques dans les crimes commis par les femmes par rapport aux hommes ?<\/em><\/strong><\/p>\n\n\n\n<p>L\u2019infanticide, qui consiste \u00e0 tuer un nouveau-n\u00e9, est un crime principalement f\u00e9minin, m\u00eame si les hommes peuvent aussi le commettre, mais moins souvent. En dehors de cela, femmes et hommes commettent une large vari\u00e9t\u00e9 de d\u00e9lits et crimes similaires.<\/p>\n\n\n\n<p>Pendant longtemps, on a consid\u00e9r\u00e9 que le crime d&#8217;empoisonnement \u00e9tait sp\u00e9cifiquement f\u00e9minin. On expliquait que les femmes n&rsquo;ayant pas une masse musculaire comparable \u00e0 celle des hommes, pr\u00e9f\u00e9raient un crime qui ne faisait pas couler le sang, et n&rsquo;obligeait pas \u00e0 un contact physique avec la victime. Il faut se souvenir que la premi\u00e8re expertise toxicologique remonte \u00e0 1840 dans l&rsquo;affaire de Marie Lafarge\u00b2. A l&rsquo;\u00e9poque, les empoisonnements \u00e0 l&rsquo;arsenic pr\u00e9sentaient les m\u00eames sympt\u00f4mes que le chol\u00e9ra, maladie qui s\u00e9vissait grandement en France, et certaines empoisonneuses n&rsquo;\u00e9taient pas rep\u00e9r\u00e9es pour leur crime.&nbsp;<\/p>\n\n\n\n<p><strong><em>Est-ce que les femmes plaident coupables aussi souvent que les hommes ? Ou bien constatez-vous une diff\u00e9rence dans la mani\u00e8re dont elles se d\u00e9fendent au cours de la proc\u00e9dure ?<\/em><\/strong><\/p>\n\n\n\n<p>A travers mon exp\u00e9rience professionnelle, j\u2019ai constat\u00e9 que les femmes \u00e9taient beaucoup plus r\u00e9silientes. Elles \u00e9taient moins mall\u00e9ables.&nbsp;<\/p>\n\n\n\n<p>Globalement, je dirais que les femmes mises en cause sont beaucoup moins sujettes \u00e0 la pression. En garde \u00e0 vue, ou \u00e0 l\u2019occasion des interrogatoires dans mon cabinet, elles me paraissent plus r\u00e9sistantes que la plupart des hommes.Et quand elles ont d\u00e9cid\u00e9 de ne rien dire\u2026 J&rsquo;ai rencontr\u00e9, et pas uniquement \u00e0 travers le cas de Simone Weber \u00b3, des femmes qui restaient mutiques, sinon sur les faits, du moins sur leur motivation. J&rsquo;en cite quelques-unes dans mon bouquin. Par exemple Henriette Peytraud\u2074&#8230; On ne sait pas pourquoi, elle a tir\u00e9 un coup de fusil dans la bouche de son mari apr\u00e8s qu&rsquo;elle lui a donn\u00e9 une soupe au somnif\u00e8re et qu\u2019 il s&rsquo;est endormi devant la t\u00e9l\u00e9vision. De la m\u00eame fa\u00e7on, Laurence Bailly\u2075 qui a mis le feu \u00e0 la chambre de ses enfants a avanc\u00e9 quelques explications quand elle a fini par rentrer dans la voie des aveux. Mais c&rsquo;\u00e9tait des explications cl\u00e9s en main et toutes faites : \u00ab On n\u2019avait pas beaucoup d\u2019argent, je ne m\u2019entendais plus avec mon mari\u2026 \u00bb. Je n&rsquo;en crois pas un mot et donc \u00e0 ce jour, apr\u00e8s autant d&rsquo;ann\u00e9es, je ne sais toujours pas pourquoi elle a fait \u00e7a.<\/p>\n\n\n\n<p><strong>A crime ou d\u00e9lit \u00e9gal, est-ce que les femmes ont une peine de prison moins lourde que les hommes ?&nbsp;<\/strong><\/p>\n\n\n\n<p>La femme a un peu plus de chances de s\u2019en tirer parce qu\u2019elle s\u2019occupe des enfants. Dans les r\u00f4les assign\u00e9s par la soci\u00e9t\u00e9, la femme est encore per\u00e7ue comme la principale responsable des enfants, ce qui pousse la justice \u00e0&nbsp; y regarder plut\u00f4t \u00e0 deux fois avant d\u2019\u00e9crouer une femme, notamment au moment de d\u00e9cider d\u2019une d\u00e9tention provisoire.<\/p>\n\n\n\n<p>Lors du jugement quand un homme a d\u00e9j\u00e0 fait six mois de d\u00e9tention provisoire, le tribunal a tendance \u00e0 mettre au moins six mois, alors que si une femme n\u2019a pas \u00e9t\u00e9 en d\u00e9tention provisoire, il n\u2019y aura pas cet effet d\u2019entra\u00eenement sur la s\u00e9v\u00e9rit\u00e9 de la peine.<\/p>\n\n\n\n<p>Et on ne peut pas dire que ce comportement soit le r\u00e9sultat d\u2019un masculinisme pr\u00e9pond\u00e9rant puisque la majorit\u00e9, actuellement des magistrats, sont des femmes.&nbsp;<\/p>\n\n\n\n\n\n\n\n<p class=\"has-text-align-right has-text-color has-link-color wp-elements-33357d166d54d23e78f2f045e791de3f\" style=\"color:#aa374e\"><strong><em>Propos recueillis par Chlo\u00e9 Courtine  <\/em><\/strong><\/p>\n\n\n\n\n\n\n\n<p class=\"has-text-color has-link-color wp-elements-38c8738d0bef1b305753c80de120dbfc\" style=\"color:#799496;font-size:15px\">\u00b9 Le livre cit\u00e9 est <em>Femmes criminelles<\/em> de Gilbert Thiel, publi\u00e9 en 2024. (Mareuil \u00e9ditions, 22 euros)<\/p>\n\n\n\n<p class=\"has-text-color has-link-color wp-elements-341d818754fdcc33863b5f67b98088bc\" style=\"color:#799496;font-size:15px\">\u00b2 Marie Lafarge a \u00e9t\u00e9 condamn\u00e9 en 1840 aux travaux forc\u00e9s \u00e0 perp\u00e9tuit\u00e9 par la cour d\u2019assises de Tulle pour avoir empoisonn\u00e9 son \u00e9poux. Elle est graci\u00e9e pour raisons de sant\u00e9 en juin 1852 et meurt trois mois plus tard.<\/p>\n\n\n\n<p class=\"has-text-color has-link-color wp-elements-b1365b690eaa0650361280bbab5788ae\" style=\"color:#799496;font-size:15px\">\u00b3 Simone Weber, surnomm\u00e9e \u201cla diabolique de Nancy\u201da \u00e9t\u00e9 condamn\u00e9e \u00e0 20 ans de r\u00e9clusion criminelle en 1991 pour le meurtre de son compagnon. L\u2019ancienne professeure de philosophie a toujours ni\u00e9 avoir tu\u00e9 et d\u00e9coup\u00e9 \u00e0 la meuleuse Bernard Hettier, disparu le 22 juin 1985. L\u2019instruction du dossier men\u00e9e par Gilbert Thiel a dur\u00e9 cinq ans, l\u2019accus\u00e9e cong\u00e9diant un par un ses 25 avocats successifs. Simone Weber a \u00e9t\u00e9 lib\u00e9r\u00e9e en 1999. Elle est d\u00e9c\u00e9d\u00e9e le 11 avril 2024 \u00e0 l&rsquo;\u00e2ge de 94 ans. <\/p>\n\n\n\n<p class=\"has-text-color has-link-color wp-elements-cded8c0b88ecea787a57a023c6ddecf2\" style=\"color:#799496;font-size:15px\">\u2074 Henriette Peytraud, surnomm\u00e9e \u201cM\u00e9m\u00e8re\u201d par ses co-d\u00e9tenues, a tu\u00e9 son mari le 9 octobre 1984, en Meurthe-et-Moselle. Ce soir-l\u00e0, elle lui a servi des p\u00e2tes m\u00e9lang\u00e9es \u00e0 des somnif\u00e8res. Une fois endormi devant la t\u00e9l\u00e9vision, elle a pris un fusil et lui a tir\u00e9 une balle dans la bouche. Elle a reconnu les faits sans jamais r\u00e9v\u00e9ler les raisons de son geste. Elle a \u00e9t\u00e9 condamn\u00e9e \u00e0 18 ans de r\u00e9clusion criminelle.\u00a0<\/p>\n\n\n\n<p class=\"has-text-color has-link-color wp-elements-24d1a9d9f7dfd2c33a4b79b307e9447a\" style=\"color:#799496;font-size:15px\"><br>\u2075 Laurence Bailly : En Meurthe-et-Moselle, Laurence Bailly, alors \u00e2g\u00e9e de 21 ans, m\u00e8re de trois enfants et enceinte, a reconnu avoir mis le feu \u00e0 son appartement le 25 mars 1985 sans jamais expliquer les raisons de son geste.\u00a0 L\u2019incendie a entra\u00een\u00e9 la mort de deux de ses enfants. En 1988, elle est condamn\u00e9e \u00e0 15 ans de r\u00e9clusion criminelle.<\/p>\n\n\n\n<p class=\"has-text-color has-link-color wp-elements-254700e4a439bba53d1b6200709aaa34\" style=\"color:#799496;font-size:15px\"><\/p>\n\n\n\n\n\n\n\n\n","protected":false},"excerpt":{"rendered":"<p>Juge d\u2019instruction d\u00e8s 1978, Gilbert Thiel a notamment instruit l\u2019affaire Simone Weber, l\u2019une des plus grandes affaires criminelles du XX\u00e8me si\u00e8cle. Le magistrat est auteur de plusieurs ouvrages sur le monde judiciaire. Dans son dernier livre paru en 2024, il pr\u00e9sente une cinquantaine de portraits de femmes criminelles\u00b9. Selon votre exp\u00e9rience, observe-t-on des tendances sp\u00e9cifiques &#8230;<\/p>\n","protected":false},"author":7,"featured_media":105,"comment_status":"closed","ping_status":"open","sticky":false,"template":"","format":"standard","meta":{"loftocean_post_format_gallery":"","loftocean_post_format_gallery_ids":"","loftocean_post_format_gallery_urls":"","loftocean_post_format_video_id":0,"loftocean_post_format_video_url":"","loftocean_post_format_video_type":"","loftocean_post_format_video":"","loftocean_post_format_audio_type":"","loftocean_post_format_audio_url":"","loftocean_post_format_audio_id":0,"loftocean_post_format_audio":"","loftocean-featured-post":"","loftocean-like-count":0,"loftocean-view-count":413,"loftocean_coauthors":"","alpaca_post_content_reading_setting":"","alpaca_reading_speed_per_minute":0,"alpaca_reading_speed_unit":"","alpaca_single_post_template_layout":"","footnotes":""},"categories":[4],"tags":[],"class_list":["post-98","post","type-post","status-publish","format-standard","has-post-thumbnail","hentry","category-femmes-criminelles"],"loftoceanMetas":{"readingTime":"4 mins read","authorName":"Chlo\u00e9 Courtine","categories":[{"name":"FEMMES CRIMINELLES","link":"https:\/\/thema-justice-2025.esj-lille.net\/index.php\/category\/femmes-criminelles\/","count":3}],"date":"23 mai 2025","featuredImageSRC":"https:\/\/thema-justice-2025.esj-lille.net\/wp-content\/uploads\/2025\/05\/photo-thiel-150x150.jpg"},"_links":{"self":[{"href":"https:\/\/thema-justice-2025.esj-lille.net\/index.php\/wp-json\/wp\/v2\/posts\/98","targetHints":{"allow":["GET"]}}],"collection":[{"href":"https:\/\/thema-justice-2025.esj-lille.net\/index.php\/wp-json\/wp\/v2\/posts"}],"about":[{"href":"https:\/\/thema-justice-2025.esj-lille.net\/index.php\/wp-json\/wp\/v2\/types\/post"}],"author":[{"embeddable":true,"href":"https:\/\/thema-justice-2025.esj-lille.net\/index.php\/wp-json\/wp\/v2\/users\/7"}],"replies":[{"embeddable":true,"href":"https:\/\/thema-justice-2025.esj-lille.net\/index.php\/wp-json\/wp\/v2\/comments?post=98"}],"version-history":[{"count":4,"href":"https:\/\/thema-justice-2025.esj-lille.net\/index.php\/wp-json\/wp\/v2\/posts\/98\/revisions"}],"predecessor-version":[{"id":250,"href":"https:\/\/thema-justice-2025.esj-lille.net\/index.php\/wp-json\/wp\/v2\/posts\/98\/revisions\/250"}],"wp:featuredmedia":[{"embeddable":true,"href":"https:\/\/thema-justice-2025.esj-lille.net\/index.php\/wp-json\/wp\/v2\/media\/105"}],"wp:attachment":[{"href":"https:\/\/thema-justice-2025.esj-lille.net\/index.php\/wp-json\/wp\/v2\/media?parent=98"}],"wp:term":[{"taxonomy":"category","embeddable":true,"href":"https:\/\/thema-justice-2025.esj-lille.net\/index.php\/wp-json\/wp\/v2\/categories?post=98"},{"taxonomy":"post_tag","embeddable":true,"href":"https:\/\/thema-justice-2025.esj-lille.net\/index.php\/wp-json\/wp\/v2\/tags?post=98"}],"curies":[{"name":"wp","href":"https:\/\/api.w.org\/{rel}","templated":true}]}}