{"id":99,"date":"2025-05-23T17:26:38","date_gmt":"2025-05-23T15:26:38","guid":{"rendered":"http:\/\/thema-justice-2025.esj-lille.net\/?p=99"},"modified":"2025-06-04T18:52:54","modified_gmt":"2025-06-04T16:52:54","slug":"a-la-tete-de-sequedin-aurelie-leclercq-nous-ne-sommes-plus-que-cinq-femmes-de-ma-promotion-a-diriger-une-prison","status":"publish","type":"post","link":"https:\/\/thema-justice-2025.esj-lille.net\/index.php\/2025\/05\/23\/a-la-tete-de-sequedin-aurelie-leclercq-nous-ne-sommes-plus-que-cinq-femmes-de-ma-promotion-a-diriger-une-prison\/","title":{"rendered":"\u00c0 la t\u00eate de Sequedin, Aur\u00e9lie Leclercq : \u00ab\u00a0Nous ne sommes plus que cinq femmes de ma promotion \u00e0 diriger une prison\u00a0\u00bb"},"content":{"rendered":"\n<p><strong>\u00a0Aur\u00e9lie Leclercq a \u00e9t\u00e9 nomm\u00e9e le 22 f\u00e9vrier 2024 directrice du centre p\u00e9nitentiaire Lille-Loos-Sequedin, l\u2019une des deux prisons de la m\u00e9tropole lilloise. Apr\u00e8s avoir dirig\u00e9 celle d\u2019Ann\u0153ullin durant six ans, elle a pris les r\u00eanes d\u2019un centre qui accueille 945 d\u00e9tenus dont 149 femmes.<\/strong><\/p>\n\n\n\n<p>Dans le b\u00e2timent administratif du centre p\u00e9nitentiaire de Lille, une grande maquette repr\u00e9sentant les diff\u00e9rentes ailes tr\u00f4ne au c\u0153ur d\u2019un \u00eelot central. Une vitrine contenant des cha\u00eenes et un boulet ainsi que des entraves rappellent un pass\u00e9 carc\u00e9ral que la prison inaugur\u00e9e en 2005 n\u2019a jamais connu. Le bureau de la directrice se trouve au bout d\u2019un couloir sombre. La poign\u00e9e de main est ferme, et le regard bienveillant. Du haut de sa stature athl\u00e9tique, Aur\u00e9lie Leclerq dirige un \u00e9tablissement en surpopulation carc\u00e9rale. Le quartier des hommes affiche un taux d\u2019occupation de 150%. Le centre p\u00e9nitentiaire de Lille-Loos-Sequedin regroupe diff\u00e9rents types d\u2019\u00e9tablissements pour peines dont une Maison d\u2019arr\u00eat pour femmes. Cette structure accueille les pr\u00e9venues en attente de leur\u00a0proc\u00e8s, plac\u00e9es en\u00a0d\u00e9tention provisoire ainsi que les d\u00e9tenues\u00a0condamn\u00e9es \u00e0 une peine d\u2019emprisonnement inf\u00e9rieure \u00e0 deux ans.<\/p>\n\n\n\n<h2 class=\"wp-block-heading has-text-color has-link-color wp-elements-f23f7657388df315609c09c6ae7a643e\" style=\"color:#aa374e;font-size:25px\"><strong>Vue sur champ et gilet pare-balles<\/strong><\/h2>\n\n\n\n<p>Aur\u00e9lie Leclercq a d\u00e9but\u00e9 sa carri\u00e8re comme directrice adjointe au Centre p\u00e9nitentiaire de Ch\u00e2teauroux en 1999. Apr\u00e8s un passage par la prison de Loos comme directrice de la section des pr\u00e9venus de 2003 \u00e0 2009, elle est nomm\u00e9e cheffe du centre p\u00e9nitentiaire d\u2019Ann\u0153ullin de 2010 \u00e0 2018 dont elle a supervis\u00e9 l\u2019ouverture. Depuis 2018 elle \u00e9tait secr\u00e9taire g\u00e9n\u00e9rale \u00e0 la direction interr\u00e9gionale. Sa nomination \u00e0 la t\u00eate de la prison de Sequedin, \u00e0 laquelle elle a particip\u00e9 \u00e0 l\u2019ouverture en 2005, couronne un quart de si\u00e8cle au service de l\u2019institution judiciaire. Originaire du Nord, la directrice insiste sur un ancrage local qui lui\u00a0tient \u00ab\u00a0<em>particuli\u00e8rement \u00e0 c\u0153ur\u00a0<\/em>\u00bb, elle en retire une \u00ab\u00a0<em>grande fiert\u00e9<\/em>\u00a0\u00bb.<\/p>\n\n\n\n<p>La d\u00e9coration du vaste bureau d\u2019angle est minimaliste. Une photo de ses enfants est pos\u00e9e sur le bureau encombr\u00e9 de dossiers. La vue panoramique des fen\u00eatres du troisi\u00e8me et dernier \u00e9tage du b\u00e2timent est imprenable sur les champs alentours donnant un sentiment de libert\u00e9, qui ne dure pas longtemps. Un gilet pare-balles pos\u00e9 nonchalamment dans le coin de la pi\u00e8ce accroche le regard. \u00ab\u00a0<em>Il sera utile en cas d\u2019exercice ou de menace<\/em>\u00a0\u00bb, \u00e9lude la directrice.<\/p>\n\n\n\n<p>C\u2019est de cette prison que s\u2019est \u00e9vad\u00e9, de mani\u00e8re spectaculaire, Redoine Fa\u00efd en 2013. Le braqueur a utilis\u00e9 des explosifs, prenant en otage quatre agents du centre p\u00e9nitentiaire. Aur\u00e9lie Leclercq n\u2019\u00e9tait pas encore directrice \u00e0 cette \u00e9poque, mais elle l\u2019a v\u00e9cu comme un \u00e9lectrochoc.<\/p>\n\n\n\n<p>Cependant, l\u2019\u00e9vasion qui a le plus marqu\u00e9 les esprits de la directrice et de ses coll\u00e8gues est celle, plus r\u00e9cente, de Mohamed Amra, en mai 2024. Le d\u00e9tenu s\u2019est \u00e9vad\u00e9 lors d\u2019une extraction de la maison d\u2019arr\u00eat d\u2019Evreux dans l\u2019Eure, au niveau du p\u00e9age d\u2019Incarville. Le convoi a \u00e9t\u00e9 pris d\u2019assaut par un commando lourdement arm\u00e9, tuant deux agents p\u00e9nitentiaires. \u00ab\u00a0<em>Cet \u00e9v\u00e8nement a diminu\u00e9 drastiquement le nombre d\u2019extractions\u00a0\u00bb<\/em>, indique la directrice. Cette op\u00e9ration consiste \u00e0 conduire un d\u00e9tenu sous surveillance en dehors de l\u2019\u00e9tablissement lorsqu\u2019il doit compara\u00eetre en justice ou recevoir des soins par exemple. Elle pose n\u00e9anmoins la question de la s\u00e9curit\u00e9 des agents p\u00e9nitentiaires, ce qui a engendr\u00e9 certains am\u00e9nagements. \u00ab\u00a0<em>Le niveau d\u2019escorte des d\u00e9tenus \u00e0 extraire a \u00e9t\u00e9 relev\u00e9 et le choix de recourir ou non \u00e0 la visioconf\u00e9rence pour \u00eatre entendu par un juge n\u2019est plus laiss\u00e9 aux d\u00e9tenus, <\/em>abonde Aur\u00e9lie Leclercq, sans se prononcer sur le bien-fond\u00e9 de cette mesure. Cette d\u00e9cision, contest\u00e9e par les magistrats et les avocats, a \u00e9t\u00e9 prise par le garde des Sceaux dans une circulaire dat\u00e9e du 1er ao\u00fbt 2024.<\/p>\n\n\n\n<h2 class=\"wp-block-heading has-text-color has-link-color wp-elements-0dc4708238f3d6f9755a0fe809547bb0\" style=\"color:#aa374e;font-size:25px\"><strong>Un m\u00e9tier qui allie stabilit\u00e9 et sens<\/strong><\/h2>\n\n\n\n<p><em>\u00ab\u00a0J\u2019ai d\u00e9couvert ce m\u00e9tier lors d\u2019une visite de la maison centrale de Saint-Maur <\/em>(Indre et Loire) en <em>deuxi\u00e8me ann\u00e9e d\u2019\u00e9tudes<\/em>, raconte Aur\u00e9lie Leclercq<em>.\u00a0\u00bb <\/em>Elle se r\u00eavait alors commissaire de police avant de changer de voie, \u00e9bahie par un directeur charismatique et la d\u00e9couverte d\u2019un m\u00e9tier inconnu jusque-l\u00e0, \u00ab\u00a0<em>qui avait l\u2019air de pouvoir allier stabilit\u00e9 et sens<\/em>\u00a0\u00bb. Son dipl\u00f4me de droit en poche, elle encha\u00eene avec le concours d\u2019entr\u00e9e \u00e0 l\u2019Ecole nationale d\u2019administration p\u00e9nitentiaire (ENAP). \u00ab\u00a0<em>Sur les 19 \u00e9tudiants de la promotion 1998, 14 \u00e9taient des femmes.\u00a0\u00bb\u00a0<\/em> Ce m\u00e9tier tr\u00e8s masculin s\u2019est ouvert aux femmes avec l\u2019\u00e9largissement des profils recrut\u00e9s aux \u00e9tudiants universitaires. Les femmes \u00e9tant majoritaires dans les fili\u00e8res acad\u00e9miques, leur nombre s\u2019en est retrouv\u00e9 augment\u00e9 aux concours de l\u2019ENAP. N\u00e9anmoins, \u00ab\u00a0<em>aujourd\u2019hui nous ne sommes plus que cinq de ma promotion \u00e0 diriger une prison<\/em>.\u00a0\u00bb<\/p>\n\n\n\n<h2 class=\"wp-block-heading has-text-color has-link-color wp-elements-00b90c6352b9809b14e1037cace97996\" style=\"color:#aa374e;font-size:25px\"><strong>\u00ab\u00a0Nous habituons les m\u00e8res \u00e0 se d\u00e9tacher de leur enfant progressivement\u00a0\u00bb<\/strong><\/h2>\n\n\n\n<p>La particularit\u00e9 du Centre p\u00e9nitentiaire de Sequedin est d\u2019abriter \u00e9galement une nursery \u00e0 l\u2019\u00e9cart du quartier principal. Elle accueille les \u00ab\u00a0<em>futures m\u00e8res \u00e0 partir du sixi\u00e8me mois de grossesse et jusqu\u2019aux 18 mois de l\u2019enfant\u00a0\u00bb,<\/em> explique fi\u00e8rement Aur\u00e9lie Leclercq<em>. <\/em>La directrice a \u00e0 c\u0153ur d\u2019assurer la r\u00e9insertion de ces jeunes m\u00e8res. La nursery fonctionne en r\u00e9gime portes-ouvertes, c\u2019est-\u00e0-dire que les d\u00e9tenues sont libres de leurs all\u00e9es et venues durant la journ\u00e9e mais elles doivent \u00eatre de retour \u00e0 une certaine heure. \u00ab\u00a0<em>Pour les femmes avec enfant qui doivent purger de longues peines, nous les habituons \u00e0 se d\u00e9tacher de leur enfant progressivement pour que lorsqu\u2019il atteint les 18 mois, ce soit moins difficile. Le papa ou la famille viennent le chercher d\u2019abord une heure le week-end, puis quelques heures puis une journ\u00e9e pour que la maman s\u2019habitue \u00e0 son absence.\u00a0\u00bb <\/em>Les yeux d\u2019Aur\u00e9lie Leclercq brillent d\u2019un m\u00e9lange de fiert\u00e9 et d\u2019empathie \u00e0 l\u2019\u00e9vocation de ce sujet. Elle-m\u00eame m\u00e8re de famille, ne peut rester insensible aux parcours de vie qu\u2019elle rencontre \u00e0 la nursery.<\/p>\n\n\n\n\n\n\n\n<p class=\"has-text-align-right has-text-color has-link-color wp-elements-1d23522e4ceb184f9d6a75b62f81af5e\" style=\"color:#aa374e\">Ili\u00e8s Attia<\/p>\n\n\n\n\n","protected":false},"excerpt":{"rendered":"<p>\u00a0Aur\u00e9lie Leclercq a \u00e9t\u00e9 nomm\u00e9e le 22 f\u00e9vrier 2024 directrice du centre p\u00e9nitentiaire Lille-Loos-Sequedin, l\u2019une des deux prisons de la m\u00e9tropole lilloise. Apr\u00e8s avoir dirig\u00e9 celle d\u2019Ann\u0153ullin durant six ans, elle a pris les r\u00eanes d\u2019un centre qui accueille 945 d\u00e9tenus dont 149 femmes. Dans le b\u00e2timent administratif du centre p\u00e9nitentiaire de Lille, une grande &#8230;<\/p>\n","protected":false},"author":5,"featured_media":247,"comment_status":"closed","ping_status":"open","sticky":false,"template":"","format":"standard","meta":{"loftocean_post_format_gallery":"","loftocean_post_format_gallery_ids":"","loftocean_post_format_gallery_urls":"","loftocean_post_format_video_id":0,"loftocean_post_format_video_url":"","loftocean_post_format_video_type":"","loftocean_post_format_video":"","loftocean_post_format_audio_type":"","loftocean_post_format_audio_url":"","loftocean_post_format_audio_id":0,"loftocean_post_format_audio":"","loftocean-featured-post":"","loftocean-like-count":0,"loftocean-view-count":581,"loftocean_coauthors":"","alpaca_post_content_reading_setting":"","alpaca_reading_speed_per_minute":0,"alpaca_reading_speed_unit":"","alpaca_single_post_template_layout":"","footnotes":""},"categories":[8],"tags":[],"class_list":["post-99","post","type-post","status-publish","format-standard","has-post-thumbnail","hentry","category-femmes-de-justice"],"loftoceanMetas":{"readingTime":"4 mins read","authorName":"Ilies Attia","categories":[{"name":"FEMMES DE JUSTICE","link":"https:\/\/thema-justice-2025.esj-lille.net\/index.php\/category\/femmes-de-justice\/","count":4}],"date":"23 mai 2025","featuredImageSRC":"https:\/\/thema-justice-2025.esj-lille.net\/wp-content\/uploads\/2025\/05\/D3BABB78-E63B-4A87-8713-FD1B8102ECA3-150x150.jpeg"},"_links":{"self":[{"href":"https:\/\/thema-justice-2025.esj-lille.net\/index.php\/wp-json\/wp\/v2\/posts\/99","targetHints":{"allow":["GET"]}}],"collection":[{"href":"https:\/\/thema-justice-2025.esj-lille.net\/index.php\/wp-json\/wp\/v2\/posts"}],"about":[{"href":"https:\/\/thema-justice-2025.esj-lille.net\/index.php\/wp-json\/wp\/v2\/types\/post"}],"author":[{"embeddable":true,"href":"https:\/\/thema-justice-2025.esj-lille.net\/index.php\/wp-json\/wp\/v2\/users\/5"}],"replies":[{"embeddable":true,"href":"https:\/\/thema-justice-2025.esj-lille.net\/index.php\/wp-json\/wp\/v2\/comments?post=99"}],"version-history":[{"count":1,"href":"https:\/\/thema-justice-2025.esj-lille.net\/index.php\/wp-json\/wp\/v2\/posts\/99\/revisions"}],"predecessor-version":[{"id":104,"href":"https:\/\/thema-justice-2025.esj-lille.net\/index.php\/wp-json\/wp\/v2\/posts\/99\/revisions\/104"}],"wp:featuredmedia":[{"embeddable":true,"href":"https:\/\/thema-justice-2025.esj-lille.net\/index.php\/wp-json\/wp\/v2\/media\/247"}],"wp:attachment":[{"href":"https:\/\/thema-justice-2025.esj-lille.net\/index.php\/wp-json\/wp\/v2\/media?parent=99"}],"wp:term":[{"taxonomy":"category","embeddable":true,"href":"https:\/\/thema-justice-2025.esj-lille.net\/index.php\/wp-json\/wp\/v2\/categories?post=99"},{"taxonomy":"post_tag","embeddable":true,"href":"https:\/\/thema-justice-2025.esj-lille.net\/index.php\/wp-json\/wp\/v2\/tags?post=99"}],"curies":[{"name":"wp","href":"https:\/\/api.w.org\/{rel}","templated":true}]}}